{"id":803,"date":"2014-01-12T13:07:10","date_gmt":"2014-01-12T13:07:10","guid":{"rendered":"https:\/\/codexflores.ch\/index.php\/2014\/01\/12\/neuentdeckte-magie-der-kammermusik\/"},"modified":"2014-01-12T13:07:10","modified_gmt":"2014-01-12T13:07:10","slug":"neuentdeckte-magie-der-kammermusik","status":"publish","type":"post","link":"https:\/\/codexflores.ch\/index.php\/2014\/01\/12\/neuentdeckte-magie-der-kammermusik\/","title":{"rendered":"Neuentdeckte Magie der Kammermusik"},"content":{"rendered":"<table cellpadding=\"10\">\n<tbody>\n<tr>\n<td width=\"430\"><span class=\"txt-m-black\"><span class=\"txt-m-black\"><br \/> 25.01.2005 &#8212; Im Muraltengut, einem sp\u00e4tbarocken Landgut der Stadt Z\u00fcrich, herrscht konzentrierte Arbeitsstimmung. Wie in zahlreichen weiteren Zimmern sind die Violinistin Esther Hoppe, der Cellist Maximilian Hornung und der Pianist Benjamin Engeli am Erarbeiten eines Werkes aus dem grossen Kanon der abendl\u00e4ndischen Kammermusik. In ihrem Fall handelt es sich dabei um Schostakowitschs zweites Klaviertrio. Aufmerksamer Zuh\u00f6rer, Kritiker und Lehrer ist der gestandene Pianist G\u00e9rard Wyss. Die drei jungen Musizierenden bilden das Tecchler Trio, das seit Herbst 2003 besteht und mit Preisen schon reich dekoriert worden ist \u2013 zuletzt als Gewinner des CS-Wettbewerbs in Z\u00fcrich. <\/p>\n<p> Das Muraltengut ist immer wieder f\u00fcr Meisterkurse genutzt worden. Unterrrichtet haben hier unter vielen andern Nathan Milstein, G\u00e9za Anda, Arthur Grumiaux und Gregor Piatigorsky. Zwischen 17. und 23. Januar ist es nun zum Austragungsort der dritten Session eines Ausbildungszyklus\u2019 der European Chamber Music Academy (ECMA) geworden.<\/p>\n<p><\/span><\/span> <\/p>\n<table align=\"left\">\n<tbody>\n<tr>\n<td width=\"124\"><img decoding=\"async\" src=\"http:\/\/212.60.37.143\/bilder\/050124ecma2.jpg\" border=\"0\" \/><\/td>\n<\/tr>\n<\/tbody>\n<\/table>\n<p> <span class=\"txt-m-black\"><span class=\"txt-m-black\">Die ECMA geht auf die Initiative des Viola-Dozenten Hatto Beyerle, den Gr\u00fcnder des Alban-Berg-Quartettes, zur\u00fcck. Sie bietet unter Federf\u00fchrung der Hochschule f\u00fcr Musik und Theater Hannover an dieser sowie den assoziierten Instituten einen ganzen Ausbildungszyklus f\u00fcr Kammermusikensembles an. Bei den andern handelt es sich um die Fondazione Scuola di Musica di Fiesole (Italien), die Universit\u00e4t f\u00fcr Musik und darstellende Kunst Wien (\u00d6sterreich), die Hochschule f\u00fcr Musik und Theater Z\u00fcrich (Schweiz), das Pablo Casals Festival in Prades (Frankreich) und das finnische Kuhmo Chamber Music Festival. Koordiniert wird das Ganze von Gerhard Hildenbrand von der Basler Musik-Akademie. <\/p>\n<p><\/span><\/span> <\/p>\n<table align=\"right\">\n<tbody>\n<tr>\n<td align=\"right\" width=\"124\"><img decoding=\"async\" src=\"http:\/\/212.60.37.143\/bilder\/050124ecma3.jpg\" border=\"0\" \/><\/td>\n<\/tr>\n<\/tbody>\n<\/table>\n<p> <span class=\"txt-m-black\"><span class=\"txt-m-black\">\u00dcber zwei Jahre erstreckt sich die Ausbildung im Rahmen der ECMA, f\u00fcr die junge, professionelle Ensembles aus den Bereichen Streichquartett und Klaviertrio eine Aufnahmepr\u00fcfung zu bestehen haben. Der laufende erste Ausbildungszyklus steht unter dem Motto \u00abJoseph Haydn und der klassische Stil\u00bb. Neben dem von der HMT Z\u00fcrich f\u00fcr die ECMA nominierten Tecchler Trio haben sich daf\u00fcr das Quartetto di Cremona (Italien), das Lusingando Quartett (Deutschland), das Meta4 Quartett (Finnland), das Trio Chausson (Frankreich), das Trio Friedeck (Deutschland), das Anima Quartett (\u00d6sterreich) und das Quartetto Alkman (Italien) qualifiziert. Ihnen stehen als Lehrer neben Beyerle und Wyss weitere illustre Musiker wie die Cellisten Anner Bylsma und Thomas Demenga, der Pianist Eckart Heiligers und der Geiger Johannes Meissl zur Seite. <\/p>\n<p><\/span><\/span> <\/p>\n<table align=\"left\">\n<tbody>\n<tr>\n<td width=\"124\"><img decoding=\"async\" src=\"http:\/\/212.60.37.143\/bilder\/050124ecma4.jpg\" border=\"0\" \/><\/td>\n<\/tr>\n<\/tbody>\n<\/table>\n<p> <span class=\"txt-m-black\"><span class=\"txt-m-black\">An dem Kurs wird aber nicht nur auf h\u00f6chstem Niveau musiziert. Auch die Reflektion \u00fcber das Gespielte ist ein Anliegen. So tauschen sich erfahrene und k\u00fcnftige Haydn-Interpreten an einem \u00f6ffentlichen Gespr\u00e4ch zum Thema \u00abText und Kritik\u00bb aus und der Z\u00fcrcher Musikwissenschaftler Dominik Sackmann, sein in Hannover wirkender Kollege Johannes Sch\u00f6llhorn sowie der Dozent Anner Bylsma machen sich in Vortr\u00e4gen \u00fcber Aspekte der haydnschen Tonkunst Gedanken. Die Palette reicht dabei von \u00dcberlegungen zur Rhetorik im Sackmanns Referat \u00abHaydn lesen\u00bb bis zu Gedanken \u00fcber das Gespenstische in Choralzitaten des 20. Jahrhunderts und Haydns Kaiserhymne in Sch\u00f6llhorns Ausf\u00fchrungen \u00abthe time is out of joint \u2013 die zeit ist aus den fugen\u00bb.<\/p>\n<p><\/span><\/span> <\/p>\n<table>\n<tbody>\n<tr>\n<td align=\"right\" valign=\"bottom\" width=\"180\"><span class=\"txt-s-black\"><strong>Johannes Sch\u00f6llhorn sp\u00fcrt dem gespenstischen Nachhall der Kaiserhymne und anderer \u00abChor\u00e4le\u00bb in der Musik des 20. Jahrhunderts nach.<\/strong><\/span><\/td>\n<td><img decoding=\"async\" src=\"http:\/\/212.60.37.143\/bilder\/050124ecma6.jpg\" border=\"0\" \/><\/td>\n<\/tr>\n<\/tbody>\n<\/table>\n<p> <span class=\"txt-m-black\"><span class=\"txt-m-black\"><\/p>\n<p><\/span><\/span><center> <\/p>\n<table>\n<tbody>\n<tr>\n<td width=\"124\"><img decoding=\"async\" src=\"http:\/\/212.60.37.143\/bilder\/050124ecma5.jpg\" border=\"0\" \/><\/td>\n<td valign=\"bottom\" width=\"120\"><span class=\"txt-s-black\"><strong>Dominik Sackmann ist \u00fcberzeugt, dass vor dem Spielen eines Quartettes oder Trios von Haydn das verst\u00e4ndige Lesen des Notentextes steht.<\/strong><\/span><\/td>\n<\/tr>\n<\/tbody>\n<\/table>\n<p> <\/center><span class=\"txt-m-black\"><br \/> Nicht zuletzt aber \u00fcben sich die Kursteilnehmer in mehreren \u00f6ffentlichen Konzerten im authentischen Musizieren vor Publikum. \u00abWenn man die Musik zu Geh\u00f6r bringt\u00bb, zitiert das ECMA-Programm seinen Gr\u00fcnder Hatto Beyerle, \u00abdann muss man die Magie dieses Mediums kennen und wollen. Das heisst \u2013 sachlich gesagt \u2013 Musik muss Inhalte vermitteln. Ich nenne es Magie, denn es ist Magie. Ich sehe nun seit 30 Jahren mit Bedenken, dass grosse, namhafte K\u00fcnstler so viele Konzerte im Jahr spielen, dass sie nur noch ihre Leistung darbieten, aber diese Magie gar nicht mehr in der Lage sind zu vermitteln.\u00bb Der Augenschein am ECMA-Kurs in Z\u00fcrich weckt die Hoffnung, dass eine junge Interpretengeneration unter derart kundiger und engagierter Anleitung zu diesen Quellen des inspirierten Musizierens zur\u00fcckfinden kann.<\/span> <span class=\"txt-m-black\">(<em>wb<\/em>)<\/span><\/p>\n<p><center> <\/p>\n<table style=\"width: 430px;\" summary=\"linie\" border=\"0\" cellspacing=\"0\" cellpadding=\"0\">\n<tbody>\n<tr>\n<td colspan=\"9\" bgcolor=\"#666666\" height=\"1\"><img loading=\"lazy\" decoding=\"async\" src=\"http:\/\/212.60.37.143\/grafiken\/dbrown1x1.gif\" border=\"0\" width=\"1\" height=\"1\" \/><\/td>\n<\/tr>\n<\/tbody>\n<\/table>\n<p> <\/center><\/td>\n<\/tr>\n<tr>\n<td><span class=\"txt-s-black\">European Chamber Music Academy, Session in Z\u00fcrich mit Meisterkursen, Konzerten und Seminaren, Muraltengut, 17. bis 23. Januar 2005. Weblink: <a href=\"http:\/\/www.ecma-music.com\" target=\"blank\" rel=\"noopener noreferrer\">www.ecma-music.com<\/a> <\/span><\/td>\n<\/tr>\n<\/tbody>\n<\/table>\n","protected":false},"excerpt":{"rendered":"<p>25.01.2005 &#8212; Im Muraltengut, einem sp\u00e4tbarocken Landgut der Stadt Z\u00fcrich, herrscht konzentrierte Arbeitsstimmung. Wie in zahlreichen weiteren Zimmern sind die&#8230;<\/p>\n","protected":false},"author":1,"featured_media":0,"comment_status":"open","ping_status":"open","sticky":false,"template":"","format":"standard","meta":{"footnotes":""},"categories":[12],"tags":[],"class_list":["post-803","post","type-post","status-publish","format-standard","hentry","category-ereignisbesprechungen","entry"],"_links":{"self":[{"href":"https:\/\/codexflores.ch\/index.php\/wp-json\/wp\/v2\/posts\/803","targetHints":{"allow":["GET"]}}],"collection":[{"href":"https:\/\/codexflores.ch\/index.php\/wp-json\/wp\/v2\/posts"}],"about":[{"href":"https:\/\/codexflores.ch\/index.php\/wp-json\/wp\/v2\/types\/post"}],"author":[{"embeddable":true,"href":"https:\/\/codexflores.ch\/index.php\/wp-json\/wp\/v2\/users\/1"}],"replies":[{"embeddable":true,"href":"https:\/\/codexflores.ch\/index.php\/wp-json\/wp\/v2\/comments?post=803"}],"version-history":[{"count":0,"href":"https:\/\/codexflores.ch\/index.php\/wp-json\/wp\/v2\/posts\/803\/revisions"}],"wp:attachment":[{"href":"https:\/\/codexflores.ch\/index.php\/wp-json\/wp\/v2\/media?parent=803"}],"wp:term":[{"taxonomy":"category","embeddable":true,"href":"https:\/\/codexflores.ch\/index.php\/wp-json\/wp\/v2\/categories?post=803"},{"taxonomy":"post_tag","embeddable":true,"href":"https:\/\/codexflores.ch\/index.php\/wp-json\/wp\/v2\/tags?post=803"}],"curies":[{"name":"wp","href":"https:\/\/api.w.org\/{rel}","templated":true}]}}