{"id":813,"date":"2014-01-12T13:14:23","date_gmt":"2014-01-12T13:14:23","guid":{"rendered":"https:\/\/codexflores.ch\/index.php\/2014\/01\/12\/vareses-nachlass-im-basler-museum-tinguely\/"},"modified":"2014-01-12T13:14:23","modified_gmt":"2014-01-12T13:14:23","slug":"vareses-nachlass-im-basler-museum-tinguely","status":"publish","type":"post","link":"https:\/\/codexflores.ch\/index.php\/2014\/01\/12\/vareses-nachlass-im-basler-museum-tinguely\/","title":{"rendered":"Var\u00e8ses Nachlass im Basler Museum Tinguely"},"content":{"rendered":"<table cellpadding=\"10\">\n<tbody>\n<tr>\n<td width=\"430\"><span class=\"txt-m-black\"><strong>29.04.2006 &#8212; Die Ausstellung \u00abEdgard Var\u00e8se \u2013 Komponist, Klangforscher, Vision\u00e4r\u00bb der Paul Sacher Stiftung und des Museums Tinguely erm\u00f6glicht eine einzigartige Begegnung mit dem Oeuvre des Komponisten und Klangt\u00fcftlers. Die beiden Institutionen ehren damit den Dirigenten und M\u00e4zen Paul Sacher, dessen 100. Geburtstag am 28. April 2006 gefeiert worden ist.<\/strong><\/p>\n<p> Der Nachlass Var\u00e8ses ist im Jahr 2003 aus dem Besitz des chinesisch-amerikanischen Komponisten Chou Wen-chung, seinem Assistenten und Nachlassverwalter, an die Paul Sacher Stiftung \u00fcbergegangen. Er wird nun in acht Abteilungen chronologisch gegliedert pr\u00e4sentiert, sekundiert von Filmportr\u00e4ts, Klanginstallationen, Konzerten, einem von Hermann Danuser geleiteten Symposium (24. Mai) und einem opulenten, reich bebilderten Katalog. Ein spezielles Highlight stellt dabei die Wiedergabe des 1958 in Br\u00fcssel uraufgef\u00fchrten \u00abPo\u00e8me \u00e9lectronique\u00bb mit der Rekonstruktion der dazu von Le Corbousier, dem Initiator des St\u00fccks, konzipierten Bilderfolge dar.<\/p>\n<p> In der weitl\u00e4ufig auf zwei Stockwerken angelegten Schau gibt es aber auch verborgenere Perlen zu entdecken, etwa eine fein s\u00e4uberlich und sch\u00fclerhaft anmutende Niederschrift einer konventionellen Fuge, die Var\u00e8se als Eintrittst\u00fcck ins Conservatoire de Paris verfasst hat. Speziell auff\u00e4llig ist das Autograf, wenn man sich vergegenw\u00e4rtigt, dass der manisch-depressiv veranlagte Komponist sein gesamtes sonstiges Fr\u00fchwerk vernichtet hat. Das Gesellenst\u00fcck, das aus welchen Gr\u00fcnden auch immer, dem Selbstzerst\u00f6rungsdrang Var\u00e8ses entronnen ist, kam denn auch erst bei der Durchsicht des Nachlasses zum Vorschein. <\/p>\n<p> Auch Objekte aus dem k\u00fcnstlerischen Bekanntenkreis von Var\u00e8se finden sich, so zum Beispiel ein Kaminhut der Art, wie ihn Marcel Duchamp f\u00fcr Var\u00e8ses zweite Eherfrau Louise Norton fabriziert hat, oder Perkussionsinstrumente zur Auff\u00fchrung der Schlagzeugmusik \u00abIonisation\u00bb, die Var\u00e8se selber lagerte, weil sie zu seinen Lebzeiten so exotisch waren, dass sie f\u00fcr Auff\u00fchrungen des St\u00fccks oft nicht h\u00e4tten aufgetrieben werden k\u00f6nnen, wenn sie der Komponist nicht selber geliefert h\u00e4tte. Eine spezielle Art von \u00abFanpost\u00bb stellt zudem ein Brief des Popmusikers Frank Zappa dar, der von den Klangt\u00fcfteleien von Var\u00e8se zeitlebens fasziniert blieb. <\/span> <span class=\"txt-m-black\">(<em>wb<\/em>)<\/span><\/p>\n<p><center> <\/p>\n<table style=\"width: 430px;\" summary=\"linie\" border=\"0\" cellspacing=\"0\" cellpadding=\"0\">\n<tbody>\n<tr>\n<td colspan=\"9\" bgcolor=\"#666666\" height=\"1\"><img loading=\"lazy\" decoding=\"async\" src=\"http:\/\/212.60.37.143\/grafiken\/dbrown1x1.gif\" border=\"0\" width=\"1\" height=\"1\" \/><\/td>\n<\/tr>\n<\/tbody>\n<\/table>\n<p> <\/center><\/td>\n<\/tr>\n<tr>\n<td><span class=\"txt-s-black\">\u00abEdgard Var\u00e8se \u2013 Komponist, Klangforscher, Vision\u00e4r\u00bb, bis 27. August 2006, Museum Tinguely, Paul-Sacher-Anlage 1, 4002 Basel, \u00d6ffnungszeiten: Di bis So, 11 bis 19 Uhr. Mo geschlossen. Webseite: <a href=\"http:\/\/www.tinguely.ch\" target=\"blank\" rel=\"noopener noreferrer\">www.tinguely.ch<\/a><br \/> Ausstellung-Katalog : 508 Seiten, 250 gr\u00f6sstenteils farbige Abbildungen. Preis: CHF 59.\u2013 (im Buchhandel: CHF 69.50; Schott Musik International, Mainz)<\/span><\/td>\n<\/tr>\n<\/tbody>\n<\/table>\n","protected":false},"excerpt":{"rendered":"<p>29.04.2006 &#8212; Die Ausstellung \u00abEdgard Var\u00e8se \u2013 Komponist, Klangforscher, Vision\u00e4r\u00bb der Paul Sacher Stiftung und des Museums Tinguely erm\u00f6glicht eine&#8230;<\/p>\n","protected":false},"author":1,"featured_media":0,"comment_status":"open","ping_status":"open","sticky":false,"template":"","format":"standard","meta":{"footnotes":""},"categories":[12],"tags":[],"class_list":["post-813","post","type-post","status-publish","format-standard","hentry","category-ereignisbesprechungen","entry"],"_links":{"self":[{"href":"https:\/\/codexflores.ch\/index.php\/wp-json\/wp\/v2\/posts\/813","targetHints":{"allow":["GET"]}}],"collection":[{"href":"https:\/\/codexflores.ch\/index.php\/wp-json\/wp\/v2\/posts"}],"about":[{"href":"https:\/\/codexflores.ch\/index.php\/wp-json\/wp\/v2\/types\/post"}],"author":[{"embeddable":true,"href":"https:\/\/codexflores.ch\/index.php\/wp-json\/wp\/v2\/users\/1"}],"replies":[{"embeddable":true,"href":"https:\/\/codexflores.ch\/index.php\/wp-json\/wp\/v2\/comments?post=813"}],"version-history":[{"count":0,"href":"https:\/\/codexflores.ch\/index.php\/wp-json\/wp\/v2\/posts\/813\/revisions"}],"wp:attachment":[{"href":"https:\/\/codexflores.ch\/index.php\/wp-json\/wp\/v2\/media?parent=813"}],"wp:term":[{"taxonomy":"category","embeddable":true,"href":"https:\/\/codexflores.ch\/index.php\/wp-json\/wp\/v2\/categories?post=813"},{"taxonomy":"post_tag","embeddable":true,"href":"https:\/\/codexflores.ch\/index.php\/wp-json\/wp\/v2\/tags?post=813"}],"curies":[{"name":"wp","href":"https:\/\/api.w.org\/{rel}","templated":true}]}}