{"id":814,"date":"2014-01-12T13:14:53","date_gmt":"2014-01-12T13:14:53","guid":{"rendered":"https:\/\/codexflores.ch\/index.php\/2014\/01\/12\/marcelo-nisinman-und-musica-urbana-in-embrach\/"},"modified":"2014-01-12T13:14:53","modified_gmt":"2014-01-12T13:14:53","slug":"marcelo-nisinman-und-musica-urbana-in-embrach","status":"publish","type":"post","link":"https:\/\/codexflores.ch\/index.php\/2014\/01\/12\/marcelo-nisinman-und-musica-urbana-in-embrach\/","title":{"rendered":"Marcelo Nisinman und Musica Urbana in Embrach"},"content":{"rendered":"<table cellpadding=\"10\">\n<tbody>\n<tr>\n<td width=\"430\"><span class=\"txt-m-black\"><br \/> 29.08.2006 &#8212; <strong>Marcelo Nisinman f\u00fchrt die von Astor Piazzolla begr\u00fcndete Tradition des Tango Nuevo auf authentische Art weiter. In der Kirche Embrach stellte er nicht nur seine hohe Virtuosit\u00e4t auf dem Bandoneon unter Beweis, sondern auch sein grosses Talent als Komponist und Arrangeur.<\/strong> <\/p>\n<p> Mit Astor Piazzolla ist der Tango aus der lokalen Begrenzheit s\u00fcdamerikanischer Metropolen herausgetreten. Als reine Instrumentalmusik hat er sich Kompositionstechniken der europ\u00e4ischen Kunstmusik und dem Jazz ge\u00f6ffnet. Heute kennt er Dialekte und Spielarten, die von experimentellen Verbindungen mit Elektronik bis zur modernen Kammermusik reichen. So setzten sich etwa der Geiger Gidon Kremer, der Pianist und Dirigent Daniel Barenboim und das Kronos Quartet mit der Musik des urbanen Argentiniens auseinander. In der Person Dino Saluzzis hat sie auch einen T\u00fcr\u00f6ffner in die Welt des Jazz gefunden, und in Paris und anderen grossen St\u00e4dten Europas bl\u00fcht eine eigenst\u00e4ndige, zum Teil sehr innovative Szene rund um das Idiom.<\/p>\n<p> Am Piccolo Musikfestival im nahe Z\u00fcrich gelegenen St\u00e4dtchen Embrach hat der in Basel lehrende Bandoneonist Marcelo Nisinman bewiesen, dass er zu den vielversprechendsten jungen Talenten geh\u00f6rt, die den von Piazzolla vorgezeichneten Weg im Umfeld der europ\u00e4ischen Avantgarde weitergehen, ohne sich von den Wurzeln und der emotionalen Authentizit\u00e4t des Stiles zu verabschieden. Nisinman \u2013 ein erkl\u00e4rter Prot\u00e9g\u00e9 Piazzollas \u2013 beherrscht die traditionellen Spielarten seines Instrumentes im Schlaf. Anderseits hat er sein kompositorisches Handwerk in Argentinien beim Hindemith-Sch\u00fcler Guillermo Graetzer und in Basel bei Detlev M\u00fcller-Siemens zu hoher Fertigkeit verfeinert.<\/p>\n<p> Derart mit souver\u00e4nen k\u00fcnstlerischen Mitteln ausgestattet, geht er in seiner harmonischen Sprache und der subtilen Art der Klangbehandlung einen nat\u00fcrlich anmutenden Schritt \u00fcber Piazzolla hinaus. Die \u00abklassischen\u00bb Tangoinstrumente Violine, Viola, Cello, Bass und Klavier erg\u00e4nzt er vorzugsweise mit den eher dunkel gef\u00e4rbten und in die Tiefe ziehenden Kl\u00e4ngen von Englischhorn, Bassklarinette und Bassposaune, aber auch anderen Registern dieser Blasinstrumente, welche die f\u00fcr den Tango Nuevo typischen perkussiven Spieltechniken in seinen Arrangements und Kompositionen zu eigenst\u00e4ndigen Klangfl\u00e4chen und implusiv atmenden Clustern erweitern.<\/p>\n<p> Das Programm, das Nisinman und das Kammerensemble Musica Urbana in Embrach pr\u00e4sentierten, erwies Piazzolla mit subtilen Arrangements von St\u00fccken wie \u00abInvierno porte\u00f1o\u00bb, \u00abAdios Nonino\u00bb und Ausschnitten aus der Kammeroper \u00abMaria de Buenos Aires\u00bb Reverenz. Daneben erklangen Klassiker wie Goyeneches Lied \u00abLa ultima curda\u00bb und Eigenkompositionen Nisinmans \u2013 darunter eine skurrile, aber nicht minder feingliedrige und spritzige Reminiszenz an europ\u00e4ische und argentinische Tanz- und Salonmusikformen. <\/p>\n<p> Als Gast stiess f\u00fcr drei Lieder die Embracher S\u00e4ngerin Gabriela Bergallo zur Gruppe, die Initiatorin und Organisatorin des ungew\u00f6hnlichen und hochklassigen Musikfestivals im Z\u00fcrcher Unterland. Die geb\u00fcrtige Argentinierin f\u00fcgte sich bestens ins Ensemble ein und zeigte sowohl in dem komplexen Arrangement der \u00abMilonga de la Anunciaci\u00f3n\u00bb wie im Duett mit dem Bandoneon mit \u00abLa ultima curda\u00bb musikalische Souver\u00e4nit\u00e4t und hohe gestalterische Reife.<\/p>\n<p> Zum Schluss des Abends gab es f\u00fcr den Bandoneonisten, das Ensemble und die S\u00e4ngerin vom Publikum eine verdiente Standing Ovation. Es d\u00fcrfte kaum die letzte gewesen sein, die der smarte Musiker und seine Entourage entgegennehmen d\u00fcrften. <\/span> <span class=\"txt-m-black\">(<em>wb<\/em>)<\/span><\/p>\n<p><center> <\/p>\n<table style=\"width: 430px;\" summary=\"linie\" border=\"0\" cellspacing=\"0\" cellpadding=\"0\">\n<tbody>\n<tr>\n<td colspan=\"9\" bgcolor=\"#666666\" height=\"1\"><img loading=\"lazy\" decoding=\"async\" src=\"http:\/\/212.60.37.143\/grafiken\/dbrown1x1.gif\" border=\"0\" width=\"1\" height=\"1\" \/><\/td>\n<\/tr>\n<\/tbody>\n<\/table>\n<p> <\/center><\/td>\n<\/tr>\n<tr>\n<td><span class=\"txt-s-black\">Piccolo Musikfestival Embrach, Marcelo Nisinman (Bandoneon), Ensemble Musica Urbana und Gabriella Bergallo (Gesang), Sonntag, 27.August 2006.<\/span><\/td>\n<\/tr>\n<\/tbody>\n<\/table>\n","protected":false},"excerpt":{"rendered":"<p>29.08.2006 &#8212; Marcelo Nisinman f\u00fchrt die von Astor Piazzolla begr\u00fcndete Tradition des Tango Nuevo auf authentische Art weiter. In der&#8230;<\/p>\n","protected":false},"author":1,"featured_media":0,"comment_status":"open","ping_status":"open","sticky":false,"template":"","format":"standard","meta":{"footnotes":""},"categories":[12],"tags":[],"class_list":["post-814","post","type-post","status-publish","format-standard","hentry","category-ereignisbesprechungen","entry"],"_links":{"self":[{"href":"https:\/\/codexflores.ch\/index.php\/wp-json\/wp\/v2\/posts\/814","targetHints":{"allow":["GET"]}}],"collection":[{"href":"https:\/\/codexflores.ch\/index.php\/wp-json\/wp\/v2\/posts"}],"about":[{"href":"https:\/\/codexflores.ch\/index.php\/wp-json\/wp\/v2\/types\/post"}],"author":[{"embeddable":true,"href":"https:\/\/codexflores.ch\/index.php\/wp-json\/wp\/v2\/users\/1"}],"replies":[{"embeddable":true,"href":"https:\/\/codexflores.ch\/index.php\/wp-json\/wp\/v2\/comments?post=814"}],"version-history":[{"count":0,"href":"https:\/\/codexflores.ch\/index.php\/wp-json\/wp\/v2\/posts\/814\/revisions"}],"wp:attachment":[{"href":"https:\/\/codexflores.ch\/index.php\/wp-json\/wp\/v2\/media?parent=814"}],"wp:term":[{"taxonomy":"category","embeddable":true,"href":"https:\/\/codexflores.ch\/index.php\/wp-json\/wp\/v2\/categories?post=814"},{"taxonomy":"post_tag","embeddable":true,"href":"https:\/\/codexflores.ch\/index.php\/wp-json\/wp\/v2\/tags?post=814"}],"curies":[{"name":"wp","href":"https:\/\/api.w.org\/{rel}","templated":true}]}}