{"id":83,"date":"2014-01-07T13:13:29","date_gmt":"2014-01-07T13:13:29","guid":{"rendered":"https:\/\/codexflores.ch\/index.php\/2014\/01\/07\/musiktherapie-und-neurologische-rehabilitation-2\/"},"modified":"2014-01-07T13:13:29","modified_gmt":"2014-01-07T13:13:29","slug":"musiktherapie-und-neurologische-rehabilitation-2","status":"publish","type":"post","link":"https:\/\/codexflores.ch\/index.php\/2014\/01\/07\/musiktherapie-und-neurologische-rehabilitation-2\/","title":{"rendered":"Musiktherapie und neurologische Rehabilitation"},"content":{"rendered":"<p><span style=\"font-size: small; font-family: arial,helvetica,sans-serif;\"><em><img decoding=\"async\" src=\"images\/140105bellikon_teaser.jpg\" border=\"0\" style=\"float: left; margin: 8px;\" \/><strong>08.01.2014 &#8212;<\/strong><\/em><strong> An ihrer j\u00e4hrlichen Tagung zur Musiktherapie hat sich die Rehaklinik Bellikon einmal mehr der neurologischen\u00a0 <\/strong><span style=\"font-size: small; font-family: arial,helvetica,sans-serif;\"><strong><span style=\"font-size: small; font-family: arial,helvetica,sans-serif;\">Rehabilitation angenommen. Der Anlass sp\u00fcrte aber auch Megatrends der Berufspolitik und -entwicklung nach.<\/span><\/strong> <br \/><\/span><\/span><\/p>\n<p><span style=\"font-size: small; font-family: arial,helvetica,sans-serif;\"><span style=\"font-size: small; font-family: arial,helvetica,sans-serif;\"><span style=\"font-size: small; font-family: arial,helvetica,sans-serif;\">\u00a0<\/span><\/span><\/span><\/p>\n<p><span style=\"font-size: small; font-family: arial,helvetica,sans-serif;\"><span style=\"font-size: small; font-family: arial,helvetica,sans-serif;\"><span style=\"font-size: small; font-family: arial,helvetica,sans-serif;\"><span style=\"font-size: small; font-family: arial,helvetica,sans-serif;\"><em>Wolfgang B\u00f6hler &#8212;<\/em> Nimmt man die j\u00fcngste Tagung der Rehaklinik Bellikon zur Musiktherapie zum Massstab, so pr\u00e4gen zur Zeit drei Hauptmotive die Diskussionen um die Disziplin: Die neurowissenschaftlichen Forschungen zur Musikverarbeitung und zum Musizieren l\u00f6sen Tiefenpsychologie und humanistisch-spirituelle Lehren als Paradigma der Wirkungsforschung zunehmend ab; dennoch scheint nach einer l\u00e4ngeren Phase des Versuchs, mit mehr oder weniger ambiti\u00f6sen Versuchsreihen empirische Normalwissenschaft zu betreiben, eine R\u00fcckbesinnung auf die sorgf\u00e4ltige Darstellung und Dokumentation einzelner therapeutischer Interventionen stattzufinden. <\/span><\/span><\/span><\/span><\/p>\n<p><span style=\"font-size: small; font-family: arial,helvetica,sans-serif;\"><strong>\u00a0<\/strong><\/span><\/p>\n<p><span style=\"font-size: small; font-family: arial,helvetica,sans-serif;\"><strong><span style=\"font-size: small; font-family: arial,helvetica,sans-serif;\"><em>08.01.2014 &#8212;<\/em> An ihrer j\u00e4hrlichen Tagung zur Musiktherapie hat sich die Rehaklinik Bellikon einmal mehr der neurologischen Rehabilitation angenommen. Der Anlass sp\u00fcrte aber auch Megatrends der Berufspolitik und -entwicklung nach.<\/span><\/strong>\u00a0<em> <br \/><\/em><\/span><\/p>\n<table style=\"width: 360px;\" border=\"0\" cellspacing=\"8\" align=\"left\">\n<tbody>\n<tr>\n<td><img decoding=\"async\" src=\"images\/140105bellikon.jpg\" border=\"0\" alt=\"\" \/><\/td>\n<\/tr>\n<tr bgcolor=\"#ffffff\">\n<td>\n<p><span style=\"font-family: arial,helvetica,sans-serif; font-size: x-small;\">Angehende Therapeutinnen und Therapeuten der Ausbildung am FMWS sorgen\u00a0 an der Tagung f\u00fcr Auflockerung (Bild: Codex flores)<\/span><\/p>\n<\/td>\n<\/tr>\n<\/tbody>\n<\/table>\n<p><span style=\"font-size: small; font-family: arial,helvetica,sans-serif;\"><em>Wolfgang B\u00f6hler &#8212;<\/em> Nimmt man die j\u00fcngste Tagung der Rehaklinik Bellikon zur Musiktherapie zum Massstab, so pr\u00e4gen zur Zeit drei Hauptmotive die Diskussionen um die Disziplin: Die neurowissenschaftlichen Forschungen zur Musikverarbeitung und zum Musizieren l\u00f6sen Tiefenpsychologie und humanistisch-spirituelle Lehren als Paradigma der Wirkungsforschung zunehmend ab; dennoch scheint nach einer l\u00e4ngeren Phase des Versuchs, mit mehr oder weniger ambiti\u00f6sen Versuchsreihen empirische Normalwissenschaft zu betreiben, eine R\u00fcckbesinnung auf die sorgf\u00e4ltige Darstellung und Dokumentation einzelner therapeutischer Interventionen stattzufinden. Sie k\u00f6nnte sich f\u00fcr die Verankerung der Disziplin in normalwissenschaftlichen Standards als ergiebiger erweisen als die sonst \u00fcblichen, scheinbar seri\u00f6sen statistischen Herumspielereien mit Kleinstversuchsgruppen. Schliesslich etablieren sich, dies der dritte Trend, auch unternehmerische Eigenintiativen als Berufsmodelle f\u00fcr die Branche. <br \/><\/span><\/p>\n<p><span style=\"font-size: small; font-family: arial,helvetica,sans-serif;\">\u00dcber den Stand der Dinge in Sachen Hirnforschung und Musik referierte im Careum Aarau in Vertretung von Lutz J\u00e4ncke der Z\u00fcrcher Neuropsychologe Stefan Elmer. Der Stand der Dinge l\u00e4sst sich in dem exzellenten Buch J\u00e4nckes \u00abMacht Musik schlau?\u00bb (siehe <a href=\"http:\/\/www.codexflores.ch\/index.php\/component\/content\/article\/8-nachrichten\/kritiken\/87-lutz-jaenckes-macht-musik-schlau\">Codex-flores-Rezension<\/a>) nachlesen. Der Schreibende weist zus\u00e4tzlich darauf hin, dass an der Universit\u00e4t Genf eine Gruppe von Emotionsforschern (in der \u00abGeneva Emotion Research Group\u00bb) rund um den Psychologen Klaus R. Scherer aktiv ist. Sie d\u00fcrfte zur Zeit zu den weltweit F\u00fchrenden auf dem Gebiet der Forschungen zu Emotion und Musik geh\u00f6ren. <br \/><\/span><\/p>\n<p style=\"text-align: center;\"><span style=\"font-size: small; font-family: arial,helvetica,sans-serif;\">&#8212;&#8212;&#8212;&#8212;&#8212;&#8212;&#8212;&#8212;&#8212;&#8212;&#8212;&#8212;&#8212;&#8212;&#8212;&#8212;&#8212;&#8212;&#8212;&#8212;&#8212;&#8211;<\/span><br \/><strong><span style=\"font-size: small; font-family: arial,helvetica,sans-serif;\">Die Weblinks<br \/><\/span><\/strong><span style=\"font-size: small; font-family: arial,helvetica,sans-serif;\">Rehaklinik Bellikon:<br \/><a href=\"http:\/\/www.rehabellikon.ch\" target=\"_blank\" title=\"www.rehabellikon.ch\" rel=\"noopener noreferrer\">www.rehabellikon.ch<br \/><\/a><\/span><span style=\"font-size: small; font-family: arial,helvetica,sans-serif;\">Ausbildung Musiktherapie:<br \/><a href=\"http:\/\/www.fmws.ch\">www.fmws.ch<\/a><br \/>Geneva Emotion Research Group:<br \/> <a href=\"http:\/\/www.unige.ch\/cisa\/gerg.html\" target=\"_blank\" title=\"www.unige.ch\/cisa\/gerg.html\" rel=\"noopener noreferrer\">www.unige.ch\/cisa\/gerg.html<\/a><br \/>Musik auf R\u00e4dern:<br \/> <a href=\"http:\/\/www.musikaufraedern.ch\" target=\"_blank\" title=\"www.musikaufraedern.ch\" rel=\"noopener noreferrer\">www.musikaufraedern.ch<\/a><br \/>Sipari:<br \/> <a href=\"http:\/\/www.sipari.de\" target=\"_blank\" title=\"www.sipari.de\" rel=\"noopener noreferrer\">www.sipari.de<\/a><br \/>&#8212;&#8212;&#8212;&#8212;&#8212;&#8212;&#8212;&#8212;&#8212;&#8212;&#8212;&#8212;&#8212;&#8212;&#8212;&#8212;&#8212;&#8212;&#8212;&#8212;&#8212;&#8211;<\/span><\/p>\n<p><span style=\"font-size: small; font-family: arial,helvetica,sans-serif;\">\u00a0<\/span><\/p>\n<p><span style=\"font-size: small; font-family: arial,helvetica,sans-serif;\">Die Pr\u00e4sentation der M\u00fcnchner Therapeutin Monika Baumann zum Einsatz von Musik in der neurologischen Fr\u00fchrehabilitation (mit einem ber\u00fchrenden Fallbeispiel), illustrierte einmal mehr eindr\u00fccklich, welche St\u00e4rken die Arbeit mit Musik in den Grenzgebieten der menschlicher Existenz hat, wo sie Kontakte und Kommunikation schaffen kann, die sich vermutlich mit keinen andern Mitteln erreichen lassen. Es scheint denn auch, wie Baumann erkl\u00e4rte, nur konsequent, dass im neuesten Operationen- und Prozedurenschl\u00fcssel des DIMDI (Deutsches Institut f\u00fcr Medizinische Dokumentation und Information) Leistungen der Musiktherapie auf die t\u00e4gliche Therapiezeit angerechnet werden, \u00abwenn das therapeutische Konzept der Fr\u00fchrehabilitationseinrichtung Musiktherapie vorsieht\u00bb. <br \/><\/span><\/p>\n<p><span style=\"font-size: small; font-family: arial,helvetica,sans-serif;\">Ebenfalls aus der Neurorehabilitation berichtete die im deutschen Jettingen-Scheppach t\u00e4tige Therapeutin Maret Jochenheim. \u00a0Nach ihrer Erfahrung kann Musiktherapie in erster Linie helfen, funktionales Handeln und psychodynamisches Erleben miteinander zu verbinden. Sie \u00fcbe damit, so Jocheheim weiter, vor allem eine integrierende Funktion aus. <br \/><\/span><\/p>\n<p><span style=\"font-size: small; font-family: arial,helvetica,sans-serif;\">Privatberufliche Initiativen in Sachen Musiktherapie scheinen vielversprechende Perspektiven f\u00fcr die Zunft zu schaffen. Auf den einschl\u00e4gigen M\u00e4rkten fehlt allerdings noch die breite Erfahrung mit den Gesch\u00e4ftsmodellen. Mit den ersten Initiativen werden Erfahrungen gemacht, die solchen in Jungunternehmerkreisen in andern Branchen \u00e4hneln. \u00dcblich ist die Einsicht, dass erste, eher spekulative Gesch\u00e4ftspl\u00e4ne mehr oder weniger angepasst werden m\u00fcssen, um den faktischen Marktbed\u00fcrfnissen gerecht zu werden. Dies haben auch die Gr\u00fcnderinnen des originellen Franchisesystems \u00abMusik auf R\u00e4dern\u00bb getan, das 2005 in Deutschland als solches etabliert worden ist. Zur Zeit arbeiten in 14 St\u00e4dten Deutschlands insgesamt 24 Musiktherapeutinnen und Musiktherapeuten unter der Dachmarke. Neue Franchisenehmer bringen \u00abje ein neues Konzept zu einem musiktherapeutischen Arbeitsschwerpunkt ein und erhalten im Gegenzug unter anderem professionelles Werbematerial, Unternehmensberatung, intensiven Austausch im Netzwerk\u00bb. <br \/><\/span><\/p>\n<p><span style=\"font-size: small; font-family: arial,helvetica,sans-serif;\">Die M\u00fcnsteraner Therapeutinnen Barbara Keller und Cornelia Kl\u00e4ren haben mit \u00abMusik auf R\u00e4dern\u00bb anf\u00e4nglich geplant, durch die ambulante T\u00e4tigkeit pflegebed\u00fcrftige Menschen zu Hause musiktherapeutisch versorgen zu k\u00f6nnen. Auf Interesse gestossen sind sie mit dem Modell jedoch vor allem bei Institutionen wie Seniorenheimen, Rehabilitationskliniken und Hospizen. Wie weit dies letztlich m\u00f6glicherweise ein Outsourcing der Musiktherapie in Kliniken und Heimen beg\u00fcnstigt, die solche Angebote freigiebig nutzen und daf\u00fcr keine Therapeutinnen mehr fest anstellen, und was dies f\u00fcr die Berufspolitik bedeutet, sollte genau beobachtet werden. <br \/><\/span><\/p>\n<p><span style=\"font-size: small; font-family: arial,helvetica,sans-serif;\">Eine manualbasierte und urheberrechtlich gesch\u00fctzte Methode zur Behandlung von Aphasie und Sprechapraxie stellte die Entwicklerin Monika Jungblut vor. Der dazugeh\u00f6rige Markenname \u00abSipari\u00bb reiht die Anfangsbuchstaben der Therapie-Elemente \u00abSingen Intonation Prosodie Atmung Rhythmus Improvisation\u00bb aneinander. Die Pr\u00e4sentation war denn, wie es f\u00fcr solche Gesch\u00e4ftmodelle typisch ist, eher ein Verkaufsgespr\u00e4ch als eine Darstellung der Methode, \u00fcber die selber kaum etwas zu erfahren war.<br \/><\/span><\/p>\n<p><span style=\"font-size: small; font-family: arial,helvetica,sans-serif;\"><span style=\"font-size: small; font-family: arial,helvetica,sans-serif;\"> Solche Strategien stehen und fallen mit der Glaubw\u00fcrdigkeit der behaupteten Wirkung. <\/span>Monika Jungblut f\u00fchrte dazu vor allem die Tatsache ins Feld, dass ein Fachartikel zur Methode in eine Cochrane-Review Eingang gefunden hat. Eine solche Review allein ist allerdings noch kein Wirkungsnachweis, sondern bloss eine Anerkennung von wissenschaftlichen Mindeststandards in der Durchf\u00fchrung der Studie (die Behauptung der Autorin auf ihrer Webseite, die Behandlungsmethode sei \u00abvon den zust\u00e4ndigen Gremien der WHO als evidenz-basiert eingestuft\u00bb ist denn auch falsch). <br \/><\/span><\/p>\n<p><span style=\"font-size: small; font-family: arial,helvetica,sans-serif;\">Das Cochrane-Team diagnostiziert schwerwiegende Unzul\u00e4nglichkeiten in der Datenbasis der Sipari-Studie, etwa eine hohe Ausfallrate bei einer ohnehin schon sehr kleinen Stichprobe (8 Therapieteilnehmer und 5 in der Kontrollgruppe), keine ad\u00e4quate Sequenzzuweisung und eine nicht blinde Zuweisung der Teilnehmer zu den Guppen (fehlendes \u00abAllocation Concealment\u00bb). Die Review kommt denn auch zum Schluss, dass f\u00fcr robuste Nachweise der Wirkung von Sipari weitere Studien n\u00f6tig w\u00e4ren. Wie weit die doch \u00fcberaus d\u00fcrftige wissenschaftliche Fundierung der Methode eine Kommerzialisierung rechtfertigt, w\u00e4re deshalb zu hinterfragen. <\/span><\/p>\n<p><em><span style=\"font-size: x-small;\">Fachtagung \u00abMusiktherapie und neurologische Rehabilitation\u00bb, Freitag, 6. Dezember 2013, Careum Weiterbildung Aarau. Eine Veranstaltung der Rehaklinik Bellikon<\/span> <\/em><\/p>\n","protected":false},"excerpt":{"rendered":"<p><span style=\"font-size: small; font-family: arial,helvetica,sans-serif;\"><em><img decoding=\"async\" src=\"images\/140105bellikon_teaser.jpg\" border=\"0\" style=\"float: left; margin: 8px;\" \/><strong>08.01.2014 &#8212;<\/strong><\/em><strong> An ihrer j\u00e4hrlichen Tagung zur Musiktherapie hat sich die Rehaklinik Bellikon einmal mehr der neurologischen\u00a0 <\/strong><span style=\"font-size: small; font-family: arial,helvetica,sans-serif;\"><strong><span style=\"font-size: small; font-family: arial,helvetica,sans-serif;\">Rehabilitation angenommen. Der Anlass sp\u00fcrte aber auch Megatrends der Berufspolitik und -entwicklung nach.<\/span><\/strong> <br \/><\/span><\/span><\/p>\n<p><span style=\"font-size: small; font-family: arial,helvetica,sans-serif;\"><span style=\"font-size: small; font-family: arial,helvetica,sans-serif;\"><span style=\"font-size: small; font-family: arial,helvetica,sans-serif;\">\u00a0<\/span><\/span><\/span><\/p>\n<p><span style=\"font-size: small; font-family: arial,helvetica,sans-serif;\"><span style=\"font-size: small; font-family: arial,helvetica,sans-serif;\"><span style=\"font-size: small; font-family: arial,helvetica,sans-serif;\"><span style=\"font-size: small; font-family: arial,helvetica,sans-serif;\"><em>Wolfgang B\u00f6hler &#8212;<\/em> Nimmt man die j\u00fcngste Tagung der Rehaklinik Bellikon zur Musiktherapie zum Massstab, so pr\u00e4gen zur Zeit drei Hauptmotive die Diskussionen um die Disziplin: Die neurowissenschaftlichen Forschungen zur Musikverarbeitung und zum Musizieren l\u00f6sen Tiefenpsychologie und humanistisch-spirituelle Lehren als Paradigma der Wirkungsforschung zunehmend ab; dennoch scheint nach einer l\u00e4ngeren Phase des Versuchs, mit mehr oder weniger ambiti\u00f6sen Versuchsreihen empirische Normalwissenschaft zu betreiben, eine R\u00fcckbesinnung auf die sorgf\u00e4ltige Darstellung und Dokumentation einzelner therapeutischer Interventionen stattzufinden. <\/span><\/span><\/span><\/span><\/p>\n","protected":false},"author":1,"featured_media":0,"comment_status":"open","ping_status":"open","sticky":false,"template":"","format":"standard","meta":{"footnotes":""},"categories":[3],"tags":[],"class_list":["post-83","post","type-post","status-publish","format-standard","hentry","category-kritiken","entry"],"_links":{"self":[{"href":"https:\/\/codexflores.ch\/index.php\/wp-json\/wp\/v2\/posts\/83","targetHints":{"allow":["GET"]}}],"collection":[{"href":"https:\/\/codexflores.ch\/index.php\/wp-json\/wp\/v2\/posts"}],"about":[{"href":"https:\/\/codexflores.ch\/index.php\/wp-json\/wp\/v2\/types\/post"}],"author":[{"embeddable":true,"href":"https:\/\/codexflores.ch\/index.php\/wp-json\/wp\/v2\/users\/1"}],"replies":[{"embeddable":true,"href":"https:\/\/codexflores.ch\/index.php\/wp-json\/wp\/v2\/comments?post=83"}],"version-history":[{"count":0,"href":"https:\/\/codexflores.ch\/index.php\/wp-json\/wp\/v2\/posts\/83\/revisions"}],"wp:attachment":[{"href":"https:\/\/codexflores.ch\/index.php\/wp-json\/wp\/v2\/media?parent=83"}],"wp:term":[{"taxonomy":"category","embeddable":true,"href":"https:\/\/codexflores.ch\/index.php\/wp-json\/wp\/v2\/categories?post=83"},{"taxonomy":"post_tag","embeddable":true,"href":"https:\/\/codexflores.ch\/index.php\/wp-json\/wp\/v2\/tags?post=83"}],"curies":[{"name":"wp","href":"https:\/\/api.w.org\/{rel}","templated":true}]}}