{"id":831,"date":"2014-01-12T13:26:24","date_gmt":"2014-01-12T13:26:24","guid":{"rendered":"https:\/\/codexflores.ch\/index.php\/2014\/01\/12\/aida-am-rhein-im-schweizer-fernsehen\/"},"modified":"2014-01-12T13:26:24","modified_gmt":"2014-01-12T13:26:24","slug":"aida-am-rhein-im-schweizer-fernsehen","status":"publish","type":"post","link":"https:\/\/codexflores.ch\/index.php\/2014\/01\/12\/aida-am-rhein-im-schweizer-fernsehen\/","title":{"rendered":"\u00abAida am Rhein\u00bb im Schweizer Fernsehen"},"content":{"rendered":"<table cellpadding=\"10\">\n<tbody>\n<tr>\n<td width=\"430\"><span class=\"txt-m-black\"><br \/> 03.10.2010 &#8212; <strong>Nach \u00abLa Traviata im Hauptbahnhof\u00bb in Z\u00fcrich und \u00abLa Boh\u00e8me im Hochhaus\u00bb in Bern pr\u00e4sentierte das Schweizer Fernsehen mit \u00abAida am Rhein\u00bb in Basel eine dritte und vorerst letzte Opern-Grossproduktion vor ungew\u00f6hnlicher Szenerie.<\/strong><\/p>\n<p> Die beiden vorangehenden waren auf grosses Echo gestossen, \u00abLa Boh\u00e8me im Hochhaus\u00bb ist \u00fcberdies gerade mit dem renommierten Fernsehpreis Goldene Rose ausgezeichnet worden. Wie im Fall von \u00abTraviata\u00bb und \u00abBoh\u00e8me\u00bb ist die gleiche Oper zur Zeit im lokalen Opernhaus \u2013 diesmal dem Basler Theater, das soeben zum zweiten Mal in Serie zum \u00abOpernhaus des Jahres\u00bb gew\u00e4hlt worden ist \u2013 auf dem Programm. <\/p>\n<p> Die Indoor-Inszenierung des Skandalregisseurs Calixto Bieito ist allerdings ziemlich blutig und zeigt auf der B\u00fchne viel nackte Haut. So hat der Basler Theater-Intendant Georges Delnon f\u00fcr die Fernsehfassung eine eigene Konzeption entwickelt, die Grundgedanken der Bieito-Fassung, eine \u00dcbertragung der Geschichte in die heutige Zeit und Querbez\u00fcge zu Themen wie Integration und Rassismus, \u00fcbernimmt, ansonsten aber f\u00fcrs Fernsehpublikum mehrheitsf\u00e4hig sein sollte. <\/p>\n<p> Die Akteure \u2013 S\u00e4nger, Chor und Orchester (Leitung: Gabriel Feltz) \u2013 entsprachen weitgehend der Premierenbesetzung der Theaterfassung. Wie in den vorangehenden Produktionen f\u00fchrte Sandra Studer als Moderatorin durch das Geschehen, und zum Schluss gab\u2019s einen Aida-\u00abTalk\u00bb mit R\u00f6bi Koller, dem Fussballtrainer Hanspeter Latour, dem Filmer Dani Levy, der S\u00e4ngerin Maya Boog, die in \u00abLa Boh\u00e8me\u00bb mitgewirkt hatte, und Setregisseur Georges Delnon: viel belangloser Smalltalk ohne kritische Untert\u00f6ne und damit eine ziemlich \u00fcberfl\u00fcssige Sache. <\/p>\n<p> Von allen drei Produktionen scheint \u00abAida am Rhein\u00bb die problematischste. Die Oper selber eignet sich weit weniger f\u00fcr ein solches Fernsehformat als die vorangehenden, musikalisch transparenteren und darstellerisch intimeren Dramen \u2013 auch die Basler \u00abAida\u00bb hatte ihre besten Momente in den feingezeichneten zwischenmenschlichen Konflikten, etwa dem Streit zwischen Aida und Amnersi in einem Hoteltreppenhaus, das an die Szenerie eines Escher-Vexierbildes erinnerte, oder der Auseinandersetzung Aidas mit ihrem Vater in einer d\u00fcstern Ecke der Ufermauern. <\/p>\n<p> Die f\u00fcr die Freiluftoper so typischen Massenszenen konnten sich in Wechsel zwischen Szenen im Grand-Hotel Les Trois Rois und Spielorten am Rheinufer und auf Schiffen hingegen nicht recht entfalten, da n\u00fctzte auch nichts, dass allseits immer wieder die pathetische Geste des Arme-weit-Austreckens ge\u00fcbt wurde. Musikalisch zerfielen die wuchtigen Szenen teils in einem unbestimmbaren akustischen Brei, ohne dass vom Bild her einleuchtend gewesen w\u00e4re, weshalb hier Masse evoziert wird. <\/p>\n<p> Zudem hatten die Solisten Angeles Blancas (Aida), Sergej Khomov (Radames), Michelle de Young (Amneris), Daniel Golossov (Ramfis) und Alfred Walker (Amonasro) offensichtlich mit der K\u00e4lte zu k\u00e4mpfen; sie sch\u00f6pften deshalb m\u00f6glicherweise nicht ihr volles Stimmpotential aus. <\/p>\n<p> Grand-Hotel-Szenerie, Halbwelt-Kost\u00fcme und Handlung fanden ebenfalls nicht zueinander. Die m\u00e4chtigen Herren Radames und Ramfis erinnerten an halbseidene Zuh\u00e4lter oder Mafiosi, die Kopftuch-bekleidete Unterschichten-Aida z\u00fcndete sich auf dem Balkon v\u00f6llig unpassend locker ein Zigarette an, die in Abendkleidern in Ledersofas vor sich hin d\u00f6sende \u00e4gyptische Elite bildete einen betulichen Altherrenklub, dessen Kriegsruf eher widerstrebend als bedrohlich wirkte. <\/p>\n<p> Schon fast skurril schliesslich die Szene der \u00dcbergabe des Schwertes: Ramfis ritzte Radames da l\u00e4ssig an einen Bartresen gelehnt mit einem Messer den Handteller, als g\u00e4lte es, einen Drogendeal zu besiegeln. Auf dem Hotelbalkon schliesslich versammelte sich nach der Ankunft der Gefangenen unmotivierterweise viel Basler Polit- und Kulturprominenz.<\/p>\n<p> Die Aussenszenen boten angesichts der n\u00e4chtlichen Dunkelheit wenig Flussambiente, so machte denn das Licht die eigentliche Szenerie aus, mit Lichterketten, im Hintergrund aufgestellten Scheinwerfern, die Gegenlicht erzeugten, sogar die Schlussszene im eigentlich dunkel-trostlosen Verliess war wie die Tanzb\u00fchne eines Dorffestes ausgeleuchtet. Die Fernsehregie (Nadja Zonsarowa) schien der Umgebung auch nicht recht zu trauen: unruhig-fahrige und nicht dem Rhythmus der Szenen folgende Kamerafahrten und -schwenker provozierten immer wieder Ablenkungen.<\/p>\n<p> Vielleicht ist es keine schlechte Idee, die Serie der Opernproduktionen vorerst zu beenden. Irgendwie kam der Eindruck auf, da sei etwas die Luft draussen und der Enthusiasmus etwas abgek\u00fchlt. <\/p>\n<p> Siehe auch: <br \/> <a href=\"http:\/\/212.60.37.143\/rezensionen_ind2.php?art=568\">\u00abBoh\u00e8me im Hochhaus\u00bb<\/a><br \/> <a href=\"http:\/\/212.60.37.143\/rezensionen_ind2.php?art=482\">\u00abLa Traviata\u00bb im Z\u00fcrcher Hauptbahnhof<\/a><br \/> <\/span> <span class=\"txt-m-black\">(<em>wb<\/em>)<\/span><\/p>\n<p><center> <\/p>\n<table style=\"width: 430px;\" summary=\"linie\" border=\"0\" cellspacing=\"0\" cellpadding=\"0\">\n<tbody>\n<tr>\n<td colspan=\"9\" bgcolor=\"#666666\" height=\"1\"><img loading=\"lazy\" decoding=\"async\" src=\"http:\/\/212.60.37.143\/grafiken\/dbrown1x1.gif\" border=\"0\" width=\"1\" height=\"1\" \/><\/td>\n<\/tr>\n<\/tbody>\n<\/table>\n<p> <\/center><\/td>\n<\/tr>\n<tr>\n<td><span class=\"txt-s-black\">\u00abAida am Rhein\u00bb, Freitag, 1. Oktober 2010, 20 Uhr, SF 1, TSR 2, RSI LA 2 und 3sat. In Koproduktion mit RTS, RSI, 3sat und ZDFtheaterkanal. <\/span><\/td>\n<\/tr>\n<\/tbody>\n<\/table>\n","protected":false},"excerpt":{"rendered":"<p>03.10.2010 &#8212; Nach \u00abLa Traviata im Hauptbahnhof\u00bb in Z\u00fcrich und \u00abLa Boh\u00e8me im Hochhaus\u00bb in Bern pr\u00e4sentierte das Schweizer Fernsehen&#8230;<\/p>\n","protected":false},"author":1,"featured_media":0,"comment_status":"open","ping_status":"open","sticky":false,"template":"","format":"standard","meta":{"footnotes":""},"categories":[20],"tags":[],"class_list":["post-831","post","type-post","status-publish","format-standard","hentry","category-filmbesprechungen","entry"],"_links":{"self":[{"href":"https:\/\/codexflores.ch\/index.php\/wp-json\/wp\/v2\/posts\/831","targetHints":{"allow":["GET"]}}],"collection":[{"href":"https:\/\/codexflores.ch\/index.php\/wp-json\/wp\/v2\/posts"}],"about":[{"href":"https:\/\/codexflores.ch\/index.php\/wp-json\/wp\/v2\/types\/post"}],"author":[{"embeddable":true,"href":"https:\/\/codexflores.ch\/index.php\/wp-json\/wp\/v2\/users\/1"}],"replies":[{"embeddable":true,"href":"https:\/\/codexflores.ch\/index.php\/wp-json\/wp\/v2\/comments?post=831"}],"version-history":[{"count":0,"href":"https:\/\/codexflores.ch\/index.php\/wp-json\/wp\/v2\/posts\/831\/revisions"}],"wp:attachment":[{"href":"https:\/\/codexflores.ch\/index.php\/wp-json\/wp\/v2\/media?parent=831"}],"wp:term":[{"taxonomy":"category","embeddable":true,"href":"https:\/\/codexflores.ch\/index.php\/wp-json\/wp\/v2\/categories?post=831"},{"taxonomy":"post_tag","embeddable":true,"href":"https:\/\/codexflores.ch\/index.php\/wp-json\/wp\/v2\/tags?post=831"}],"curies":[{"name":"wp","href":"https:\/\/api.w.org\/{rel}","templated":true}]}}