{"id":862,"date":"2014-01-12T13:43:50","date_gmt":"2014-01-12T13:43:50","guid":{"rendered":"https:\/\/codexflores.ch\/index.php\/2014\/01\/12\/50-jahre-aargauer-symphonie-orchester\/"},"modified":"2014-01-12T13:43:50","modified_gmt":"2014-01-12T13:43:50","slug":"50-jahre-aargauer-symphonie-orchester","status":"publish","type":"post","link":"https:\/\/codexflores.ch\/index.php\/2014\/01\/12\/50-jahre-aargauer-symphonie-orchester\/","title":{"rendered":"50 Jahre Aargauer Symphonie Orchester"},"content":{"rendered":"<table cellpadding=\"10\">\n<tbody>\n<tr>\n<td width=\"430\"><span class=\"txt-m-black\"><br \/> 29.04.2013 &#8212; <strong>Mit einem Festkonzert im Aarauer Kultur- und Kongresshaus hat das Aargauer Symphonie Orchester (ASO) sein 50-j\u00e4hriges Bestehen gefeiert und ein Zeichen gesetzt f\u00fcr ein hochklassiges, eigenst\u00e4ndiges Kulturleben etwas abseits der urbanen Gravitationszentren.<\/strong> <\/p>\n<p> Es war reiner Zufall, aber passend, dass am Tag vor dem Festkonzert auf dem Kultursender 3Sat eine Dokumentation die Bedeutung des Tessiner Coro della Radiotelevisione Svizzera w\u00fcrdigte &#8211; als Leuchtturm des Kantons, der unter seinem Leiter Diego Fasolis zu internationaler Ausstrahlung gefunden hat. Das ASO leistet f\u00fcr den \u00abKulturkanton\u00bb Aargau Vergleichbares und hat sein Festkonzert denn auch selbstbewusst mit anspruchsvoller Kost lokaler Komponisten programmiert. Schon deren Lebensgeschichten zeugen von einer fr\u00fch globalisierten Vernetzung des Kantons, die das Denken in Kategorien von Zentren und Peripherie oder Urbanit\u00e4t und Agglomeration schom immer ad absurdum gef\u00fchrt haben. <\/p>\n<p> So ist Ernst Widmers auch heute noch sehr modern anmutendes, 1970 in Rio de Janeiro uraufgef\u00fchrtes Werk \u00abQuasars\u00bb op. 69 der Wurf eines Aargauers, der nach Brasilien migrierte und dort im nationalen Kulturleben \u2013 unter anderem als Direktor der Musikhochschule von Salvador de Bahia \u2013 eine bedeutende Rolle spielte. J\u00e1nos Tam\u00e1s wiederum, von dem eine Serenade f\u00fcr Streicher, Klavier und Pauke erklang, war ein Ungar, den es 1956 als Fl\u00fcchtling nach Sch\u00f6nenwerd verschlug. Er hat den Kanton in der Folge musikalisch dank seiner Herkunft aus der grossartigen Tradition seines Heimatlandes wesentlich mitgepr\u00e4gt. <\/p>\n<p> Daneben zeigte die Begegnung mit Werken von Walter Geiser (Fantasie II f\u00fcr grosses Orchester op. 34), Peter Mieg (Concerto da Camera f\u00fcr Streicher, Klavier und Pauken) und Heinrich Sutermeister (Marche fantasque f\u00fcr grosses Orchester), dass im 20. Jahrhundert in der Region exzellente Musik geschrieben worden ist, die es f\u00fcr das grosse Publikum durchaus noch zu entdecken gilt; ihre innovative Kraft ist, wie so vieles, das im selbstdeklarierten avantgardistischen Ballett der Serialisten nicht mittanzen wollte, nach dem Zweiten Weltkrieg in ihrer Qualit\u00e4t und \u00e4sthetischen Bedeutung nicht erkannt worden. <\/p>\n<p> Schliesslich ist es im Rahmen des Festkonzertes auch zur Zweitauff\u00fchrung eines 2010 in Luzern durch Pierre Boulez uraufgef\u00fchrten Werkes (\u00abTurn\u00bb) des Aargauers Dieter Ammann gekommen, das in seiner texturen- und clusterorientierten Klangsprache organisch, aber vermutlich unwillentlich an Widmers Werk anzukn\u00fcpfen scheint. <\/p>\n<p> Es bleibt erstaunlich, wie selbstverst\u00e4ndlich und souver\u00e4n das Orchester sich in Partituren der klassischen Moderne und der kompromisslosen zeitgen\u00f6ssischen Musik bewegt und in seinen Abo-Konzerten auch Popul\u00e4res wie Filmmusik, grosse Chorwerke oder Freiluftauff\u00fchrungen von Opern (im Schloss Hallwyl) selbstverst\u00e4ndlich sekundiert.<\/p>\n<p> Das Festkonzert, vom Chefdirigenten Douglas Bostock souver\u00e4n geleitet \u2013 hat denn auch die beiden Hauptaufgaben exemplifiziert, die ein solches Orchester heute hat: Einerseits soll es zur lokalen kulturellen Identit\u00e4t beitragen und deren historisches Erbe pflegen, andererseits ist es aber auch eine wichtige Ressource der kulturellen Infrastruktur, die auf verschiedensten Gebieten, von der globalisierten \u00e4sthetischen Forschung bis zu Vermittlung in Schulen und Vereinen, im Mikrokosmos einer Region vieles erst m\u00f6glich macht.<\/p>\n<p> Gerade die Einsicht, dass sich das gesellschaftlich und k\u00fcnstlerisch relevante kulturelle Leben nicht auf Metropolen und Wirtschaftszentren beschr\u00e4nken darf, macht eine St\u00e4rke des f\u00f6deralistischen Staatswesens aus. Die Schweiz ist gut beraten, dazu Sorge zu tragen.<\/p>\n<p> Am Leben erhalten wird das Orchester laut eigenen Angaben vom Kanton Aargau, der dem kulturellen \u00abLeuchtturm\u00bb bereits 2010 einen \u00abherausragenden Stellenwert in der Aargauer Kulturlandschaft\u00bb zugesprochen hat und der auf der Basis eines Rahmen- und Leistungsvertrags j\u00e4hrliche Betriebs- und Projektbeitr\u00e4ge entrichtet. Unterst\u00fctzung erh\u00e4lt das ASO von der Aargauischen Kantonalbank als Hauptsponsorin, von zahlreichen Sponsoren und seinem Verein sowie dessen Mitgliedern. <\/p>\n<p> Es gestaltet pro Saison zwei Abo-Reihen mit hochkar\u00e4tigen und spannenden symphonischen Programmen sowie mit Familien-, Neujahrs- und Pops-Konzerten. \u00dcberdies gastiert es regelm\u00e4ssig in der Tonhalle Z\u00fcrich. Seine Aufgaben erf\u00fcllt es damit in exemplarischer Weise. <\/span> <span class=\"txt-m-black\">(<em>wb<\/em>)<\/span><\/p>\n<p><center> <\/p>\n<table style=\"width: 430px;\" summary=\"linie\" border=\"0\" cellspacing=\"0\" cellpadding=\"0\">\n<tbody>\n<tr>\n<td colspan=\"9\" bgcolor=\"#666666\" height=\"1\"><img loading=\"lazy\" decoding=\"async\" src=\"http:\/\/212.60.37.143\/grafiken\/dbrown1x1.gif\" border=\"0\" width=\"1\" height=\"1\" \/><\/td>\n<\/tr>\n<\/tbody>\n<\/table>\n<p> <\/center><\/td>\n<\/tr>\n<tr>\n<td><span class=\"txt-s-black\">Festkonzert zum 50-Jahre-Jubil\u00e4um des Aargauer Symphonie Orchesters. Kultur- und Kongresshaus Aarau, 28.04.2013. <\/span><\/td>\n<\/tr>\n<\/tbody>\n<\/table>\n","protected":false},"excerpt":{"rendered":"<p>29.04.2013 &#8212; Mit einem Festkonzert im Aarauer Kultur- und Kongresshaus hat das Aargauer Symphonie Orchester (ASO) sein 50-j\u00e4hriges Bestehen gefeiert&#8230;<\/p>\n","protected":false},"author":1,"featured_media":0,"comment_status":"open","ping_status":"open","sticky":false,"template":"","format":"standard","meta":{"footnotes":""},"categories":[12],"tags":[],"class_list":["post-862","post","type-post","status-publish","format-standard","hentry","category-ereignisbesprechungen","entry"],"_links":{"self":[{"href":"https:\/\/codexflores.ch\/index.php\/wp-json\/wp\/v2\/posts\/862","targetHints":{"allow":["GET"]}}],"collection":[{"href":"https:\/\/codexflores.ch\/index.php\/wp-json\/wp\/v2\/posts"}],"about":[{"href":"https:\/\/codexflores.ch\/index.php\/wp-json\/wp\/v2\/types\/post"}],"author":[{"embeddable":true,"href":"https:\/\/codexflores.ch\/index.php\/wp-json\/wp\/v2\/users\/1"}],"replies":[{"embeddable":true,"href":"https:\/\/codexflores.ch\/index.php\/wp-json\/wp\/v2\/comments?post=862"}],"version-history":[{"count":0,"href":"https:\/\/codexflores.ch\/index.php\/wp-json\/wp\/v2\/posts\/862\/revisions"}],"wp:attachment":[{"href":"https:\/\/codexflores.ch\/index.php\/wp-json\/wp\/v2\/media?parent=862"}],"wp:term":[{"taxonomy":"category","embeddable":true,"href":"https:\/\/codexflores.ch\/index.php\/wp-json\/wp\/v2\/categories?post=862"},{"taxonomy":"post_tag","embeddable":true,"href":"https:\/\/codexflores.ch\/index.php\/wp-json\/wp\/v2\/tags?post=862"}],"curies":[{"name":"wp","href":"https:\/\/api.w.org\/{rel}","templated":true}]}}