{"id":875,"date":"2014-01-12T16:09:45","date_gmt":"2014-01-12T16:09:45","guid":{"rendered":"https:\/\/codexflores.ch\/index.php\/2014\/01\/12\/sibelius-der-patriot\/"},"modified":"2014-01-12T16:09:45","modified_gmt":"2014-01-12T16:09:45","slug":"sibelius-der-patriot","status":"publish","type":"post","link":"https:\/\/codexflores.ch\/index.php\/2014\/01\/12\/sibelius-der-patriot\/","title":{"rendered":"Sibelius, der Patriot"},"content":{"rendered":"<p><span class=\"txt-m-black\"><img decoding=\"async\" src=\"http:\/\/212.60.37.143\/bilder\/sibelius.jpg\" border=\"0\" align=\"left\" \/>18.09.2003 &#8212; W\u00e4hrend sieben Jahrhunderten war Finnland eine Provinz des K\u00f6nigreichs Schweden. 1809, nach dem russisch-schwedischen Krieg, ging das Land der tausend Seen an Russland \u00fcber. In der ersten H\u00e4lfte des 19. Jahrhunderts erwachte ein finnisches Nationalbewusstsein; es richtete sich gegen das \u00dcbergewicht der schwedischen Kultur und, verst\u00e4rkt am Beginn des 20. Jahrhunderts, gegen die Politik der Russifizierung. Erst der Sturz des Zaren brachte Finnland im Dezember 1917 die Unabh\u00e4ngigkeit. Einer der K\u00fcnstler, die sich vehement in den Dienst des nationalen Zusammenhalts stellten, war Jean Sibelius (1865\u20131957). <\/p>\n<p> Sibelius, \u00fcbrigens schwedischer Muttersprache, hat sich bereits 1892 mit der gross angelegten \u00abKullervo\u00bb-Sinfonie f\u00fcr Soli, Chor und Orchester auf der Seite der Nationalisten profiliert. Die vorliegende CD vereinigt opulente, sinnliche, kantige Interpretationen von sieben k\u00fcrzeren, gegensatzreichen Kompositionen f\u00fcr M\u00e4nnerchor oder f\u00fcr gemischten Chor und Orchester, die vom patriotischen Feuer des Komponisten zeugen, der alsbald zur zentralen Figur der nationalfinnischen Musik wurde. Verst\u00e4ndlicherweise nicht durch Instrumentalwerke, sondern durch formal, melodisch und harmonisch eing\u00e4ngige und klangpr\u00e4chtige Vertonungen von Texten \u00fcber Helden (\u00abLaulu Lemmink\u00e4iselle\u00bb, 1896; \u00abSandels\u00bb, 1898\/1915; \u00abSn\u00f6frid\u00bb, 1900; \u00abV\u00e4in\u00f6n virsi\u00bb, 1926 \u2013 eines der letzten St\u00fccke, die Sibelius ver\u00f6ffentlicht hat) und von Hymnen an die Sch\u00f6nheiten der Natur (\u00abOma maa\u00bb und \u00abMaan virsi\u00bb, beide 1918). Ebenfalls bedeutungstr\u00e4chtig: Drei der Texte basieren, wie die \u00abKullervo\u00bb-Sinfonie, auf Motiven aus dem \u00abKalevala\u00bb, dem Nationalepos der Finnen. Und in bedrohter Zeit, 1939, hat Sibelius eine dritte Version der popul\u00e4ren Tondichtung \u00abFinlandia\u00bb von 1899 geschaffen: \u00ab\u2026Die M\u00e4chte der Nacht sind im Morgenlicht besiegt, \/ dein Tag bricht an, o mein Heimatland!\u00bb <\/span> <span class=\"txt-m-black\">(<em>ws<\/em>)<\/span><\/p>\n<p><\/p>\n<p> <center> <\/p>\n<table style=\"width: 430px;\" summary=\"linie\" border=\"0\" cellspacing=\"0\" cellpadding=\"0\">\n<tbody>\n<tr>\n<td colspan=\"9\" bgcolor=\"#666666\" height=\"1\"><img loading=\"lazy\" decoding=\"async\" src=\"http:\/\/212.60.37.143\/grafiken\/dbrown1x1.gif\" border=\"0\" width=\"1\" height=\"1\" \/><\/td>\n<\/tr>\n<\/tbody>\n<\/table>\n<p> <\/center> <\/p>\n<p><span class=\"txt-s-black\"><a href=\"http:\/\/www.amazon.de\/exec\/obidos\/ASIN\/B00008XRSS\/codexflores-21\">Jean Sibelius: Cantatas<\/a> Ellerhein Girls\u2019 Choir. Estonian National Male Choir. Estonian National Symphony Orchestra. Leitung: Paavo J\u00e4rvi. (Virgin Classics 7243 5 45561 2 8; 62\u2019)<\/span><\/p>\n","protected":false},"excerpt":{"rendered":"<p>18.09.2003 &#8212; W\u00e4hrend sieben Jahrhunderten war Finnland eine Provinz des K\u00f6nigreichs Schweden. 1809, nach dem russisch-schwedischen Krieg, ging das Land&#8230;<\/p>\n","protected":false},"author":1,"featured_media":0,"comment_status":"open","ping_status":"open","sticky":false,"template":"","format":"standard","meta":{"footnotes":""},"categories":[13],"tags":[],"class_list":["post-875","post","type-post","status-publish","format-standard","hentry","category-tontraeger-besprechungen","entry"],"_links":{"self":[{"href":"https:\/\/codexflores.ch\/index.php\/wp-json\/wp\/v2\/posts\/875","targetHints":{"allow":["GET"]}}],"collection":[{"href":"https:\/\/codexflores.ch\/index.php\/wp-json\/wp\/v2\/posts"}],"about":[{"href":"https:\/\/codexflores.ch\/index.php\/wp-json\/wp\/v2\/types\/post"}],"author":[{"embeddable":true,"href":"https:\/\/codexflores.ch\/index.php\/wp-json\/wp\/v2\/users\/1"}],"replies":[{"embeddable":true,"href":"https:\/\/codexflores.ch\/index.php\/wp-json\/wp\/v2\/comments?post=875"}],"version-history":[{"count":0,"href":"https:\/\/codexflores.ch\/index.php\/wp-json\/wp\/v2\/posts\/875\/revisions"}],"wp:attachment":[{"href":"https:\/\/codexflores.ch\/index.php\/wp-json\/wp\/v2\/media?parent=875"}],"wp:term":[{"taxonomy":"category","embeddable":true,"href":"https:\/\/codexflores.ch\/index.php\/wp-json\/wp\/v2\/categories?post=875"},{"taxonomy":"post_tag","embeddable":true,"href":"https:\/\/codexflores.ch\/index.php\/wp-json\/wp\/v2\/tags?post=875"}],"curies":[{"name":"wp","href":"https:\/\/api.w.org\/{rel}","templated":true}]}}