{"id":893,"date":"2014-01-12T16:18:56","date_gmt":"2014-01-12T16:18:56","guid":{"rendered":"https:\/\/codexflores.ch\/index.php\/2014\/01\/12\/fazil-says-black-earth\/"},"modified":"2014-01-12T16:18:56","modified_gmt":"2014-01-12T16:18:56","slug":"fazil-says-black-earth","status":"publish","type":"post","link":"https:\/\/codexflores.ch\/index.php\/2014\/01\/12\/fazil-says-black-earth\/","title":{"rendered":"Fazil Says \u00abBlack Earth\u00bb"},"content":{"rendered":"<p><span class=\"txt-m-black\"><img decoding=\"async\" src=\"http:\/\/212.60.37.143\/bilder\/081103say.jpg\" border=\"0\" align=\"left\" \/>21.01.2004 &#8212; Fazil Say kam 1970 in Ankara (T\u00fcrkei) zur Welt und studierte zun\u00e4chst am dortigen Konservatorium. Ein Stipendium erlaubte ihm weitere Studien in D\u00fcsseldorf bei David Levine. Nach einem Gastpiel in Berlin siedelte er 1995 nach New York \u00fcber, wo er die Young Concert Artists International Audition gewann. Diese Stationen seiner k\u00fcnstlerischen Reifung als Pianist und Komponist finden sich auch in seiner Musik: orientalische Urt\u00fcmlichkeit und Impulsivit\u00e4t, deutscher Intellektualismus und etwas vom kosmopolitischen Glamour der amerikanischen Weltstadt.<br \/> \u00abBlack Earth\u00bb gibt einen Einblick in Says kompositorische Werkstatt. Die CD vereint Solost\u00fccke f\u00fcr Klavier (\u00abBlack Earth\u00bb und die Paganini-Variationen, ein Zugaben-Knaller in etwas \u00fcberdrehtem Fats-Waller-Stil), eine Sonate f\u00fcr Klavier und Violine (mit dem Geiger Laurent Korcia), Werke f\u00fcr Klavier und Orchester (Das Konzert \u00abSilk Road\u00bb sowie \u00abSilence of Anatolia\u00bb und \u00abObstinacy\u00bb), und eine jazzige Improvisation zusammen mit dem Kudsi Erguner Quartet.<br \/> \u00abSilk Road\u00bb ist die \u00abBeschreibung der fantastischen Abenteuer einer Karawane\u00bb welche die Regionen Tibet, Indien, Mesopotamien und Anatolien streift, \u00abSilence of Anatolia\u00bb und \u00abObstinacy\u00bb teils Reverenz an Stravinsky und Bartok. Die Musik besteht zum gr\u00f6ssten Teil aus erdenschweren, repetitiven und rhythmisch schroff akzentuierten Mustern, die mit ausgefallenen perkussiven Spieltechniken der traditionellen Instrumente ausgeschm\u00fcckt werden. Die darauf aufsetzende statische Melodik ist einfach, beinahe naiv gehalten, ohne aber je ins Triviale abzugleiten. Das Orchester koloriert Passagen des Klaviers und wird auch rhythmisch nicht zum Kontrahenten, sondern tr\u00e4gt zu einem Panoptikum an Kl\u00e4ngen bei, die in auffallender Manier s\u00fcss-harmonische Terzen und Sexten meidet und daf\u00fcr auf teils harte Dissonanzen, teils weit auseinanderliegende Oktavenverdoppelungen setzt und ihre archaische Raffinesse oftmals aus subtilen perkussiven Klangmixturen gewinnt. <\/span> <span class=\"txt-m-black\">(<em>wb<\/em>)<\/span><\/p>\n<p><\/p>\n<p> <center> <\/p>\n<table style=\"width: 430px;\" summary=\"linie\" border=\"0\" cellspacing=\"0\" cellpadding=\"0\">\n<tbody>\n<tr>\n<td colspan=\"9\" bgcolor=\"#666666\" height=\"1\"><img loading=\"lazy\" decoding=\"async\" src=\"http:\/\/212.60.37.143\/grafiken\/dbrown1x1.gif\" border=\"0\" width=\"1\" height=\"1\" \/><\/td>\n<\/tr>\n<\/tbody>\n<\/table>\n<p> <\/center> <\/p>\n<p><span class=\"txt-s-black\"><a href=\"http:\/\/www.amazon.de\/exec\/obidos\/ASIN\/B0000AKQH5\/codexflores-21\"> Fazil Say, \u00abBlack Earth\u00bb<\/a>, Fazil Say (Piano), Laurent Korcia (Violine), Orquestra de C\u00e3mara Gulbenkian (Muhay Tang, Leitung), Orchestre National de France (Eliahu Inbal, Leitung), Kudser Erguner Quartet (Fazil Say, Piano; Kudser Erguner, Ney; Volkan Orhon, Bass; Emrah Kotan, Perkussion), na\u00efve V 4954, Booklet mit franz\u00f6sischen und englischen Texten. <\/span><\/p>\n","protected":false},"excerpt":{"rendered":"<p>21.01.2004 &#8212; Fazil Say kam 1970 in Ankara (T\u00fcrkei) zur Welt und studierte zun\u00e4chst am dortigen Konservatorium. Ein Stipendium erlaubte&#8230;<\/p>\n","protected":false},"author":1,"featured_media":0,"comment_status":"open","ping_status":"open","sticky":false,"template":"","format":"standard","meta":{"footnotes":""},"categories":[13],"tags":[],"class_list":["post-893","post","type-post","status-publish","format-standard","hentry","category-tontraeger-besprechungen","entry"],"_links":{"self":[{"href":"https:\/\/codexflores.ch\/index.php\/wp-json\/wp\/v2\/posts\/893","targetHints":{"allow":["GET"]}}],"collection":[{"href":"https:\/\/codexflores.ch\/index.php\/wp-json\/wp\/v2\/posts"}],"about":[{"href":"https:\/\/codexflores.ch\/index.php\/wp-json\/wp\/v2\/types\/post"}],"author":[{"embeddable":true,"href":"https:\/\/codexflores.ch\/index.php\/wp-json\/wp\/v2\/users\/1"}],"replies":[{"embeddable":true,"href":"https:\/\/codexflores.ch\/index.php\/wp-json\/wp\/v2\/comments?post=893"}],"version-history":[{"count":0,"href":"https:\/\/codexflores.ch\/index.php\/wp-json\/wp\/v2\/posts\/893\/revisions"}],"wp:attachment":[{"href":"https:\/\/codexflores.ch\/index.php\/wp-json\/wp\/v2\/media?parent=893"}],"wp:term":[{"taxonomy":"category","embeddable":true,"href":"https:\/\/codexflores.ch\/index.php\/wp-json\/wp\/v2\/categories?post=893"},{"taxonomy":"post_tag","embeddable":true,"href":"https:\/\/codexflores.ch\/index.php\/wp-json\/wp\/v2\/tags?post=893"}],"curies":[{"name":"wp","href":"https:\/\/api.w.org\/{rel}","templated":true}]}}