{"id":904,"date":"2014-01-12T16:24:32","date_gmt":"2014-01-12T16:24:32","guid":{"rendered":"https:\/\/codexflores.ch\/index.php\/2014\/01\/12\/till-fellners-selbstgespraeche\/"},"modified":"2014-01-12T16:24:32","modified_gmt":"2014-01-12T16:24:32","slug":"till-fellners-selbstgespraeche","status":"publish","type":"post","link":"https:\/\/codexflores.ch\/index.php\/2014\/01\/12\/till-fellners-selbstgespraeche\/","title":{"rendered":"Till Fellners Selbstgespr\u00e4che"},"content":{"rendered":"<p><span class=\"txt-m-black\"><img decoding=\"async\" src=\"http:\/\/212.60.37.143\/bilder\/fellner240304.jpg\" border=\"0\" align=\"left\" \/>04.04.2004 &#8212; Nein, er ist kein Blender, kein Auftrumpfer, auch kein Zelebrant, dieser Bach-Interpret. Till Fellner, 1972 in Wien geboren, ausgezeichnet mit dem Clara-Haskil-Preis Luzern (1993) und dem Mozart-Interpretationspreis der Mozartgemeinde Wien (1998), biedert sich nicht an bei seinem Publikum, \u00fcberf\u00e4hrt es nicht mit furiosem Gestus. Vielmehr fordert er H\u00f6rbereitschaft, stellt h\u00f6chste Anspr\u00fcche an die Konzentration. <\/p>\n<p> Am Salzburger Festival 2000 stellte er seine Interpretation von Teil I des Wohltemperierten Klaviers vor; zwei Jahre sp\u00e4ter hat er die 24 Pr\u00e4ludien und Fugen f\u00fcr das Nobel-Label ECM eingespielt; nun liegt das CD-Doppelalbum vor. <\/p>\n<p> F\u00fcr Fellner ist das Klavier kein Perkussionsinstrument. Er bringt dank einer F\u00fclle von Artikulationsn\u00fcancen und einer breiten Anschlagspalette beider H\u00e4nde vom substanziellen Pianissimo und Piano (das \u00fcber weite Strecken vorherrscht) bis zum kernigen Forte, vom strengen Legato bis zum akzentuierten Staccato, vom luftigen Jeu perl\u00e9 bis zum strengen Tenuto die kantable Eigenschaft des Fl\u00fcgels zur Wirkung. Die so erm\u00f6glichte Expressivit\u00e4t (zuweilen klanglich gef\u00e4rbt durch das Haltepedal) gibt jedem Pr\u00e4ludium, jeder Fuge einen eigenen Charakter, eine eigene Ausstrahlung fern von Et\u00fcdenhaftem oder Dozierendem. <\/p>\n<p> Das Wohltemperierte Klavier ist f\u00fcr Till Fellner kein opulentes Konzertwerk, mit dem man sein Publikum in Bann zwingen muss. Aus innerer Ruhe meditiert er interpretierend \u00fcber Bachs Musik mit Klarheit im Denken und Tiefe im Erleben, ergreifend \u2013 erschliessend. <\/span> <span class=\"txt-m-black\">(<em>ws<\/em>)<\/span><\/p>\n<p><\/p>\n<p> <center> <\/p>\n<table style=\"width: 430px;\" summary=\"linie\" border=\"0\" cellspacing=\"0\" cellpadding=\"0\">\n<tbody>\n<tr>\n<td colspan=\"9\" bgcolor=\"#666666\" height=\"1\"><img loading=\"lazy\" decoding=\"async\" src=\"http:\/\/212.60.37.143\/grafiken\/dbrown1x1.gif\" border=\"0\" width=\"1\" height=\"1\" \/><\/td>\n<\/tr>\n<\/tbody>\n<\/table>\n<p> <\/center> <\/p>\n<p><span class=\"txt-s-black\"><a href=\"http:\/\/www.amazon.de\/exec\/obidos\/ASIN\/B0000ZS9V2\/codexflores-21\">J. S. Bach: Das wohltemperierte Klavier&#8230;<\/a>, Buch I. BWV 846\u2013869. Till Fellner. (ECM New Series 1853\/54, 2 CDs; 1h57\u2019)<\/span><\/p>\n","protected":false},"excerpt":{"rendered":"<p>04.04.2004 &#8212; Nein, er ist kein Blender, kein Auftrumpfer, auch kein Zelebrant, dieser Bach-Interpret. Till Fellner, 1972 in Wien geboren,&#8230;<\/p>\n","protected":false},"author":1,"featured_media":0,"comment_status":"open","ping_status":"open","sticky":false,"template":"","format":"standard","meta":{"footnotes":""},"categories":[13],"tags":[],"class_list":["post-904","post","type-post","status-publish","format-standard","hentry","category-tontraeger-besprechungen","entry"],"_links":{"self":[{"href":"https:\/\/codexflores.ch\/index.php\/wp-json\/wp\/v2\/posts\/904","targetHints":{"allow":["GET"]}}],"collection":[{"href":"https:\/\/codexflores.ch\/index.php\/wp-json\/wp\/v2\/posts"}],"about":[{"href":"https:\/\/codexflores.ch\/index.php\/wp-json\/wp\/v2\/types\/post"}],"author":[{"embeddable":true,"href":"https:\/\/codexflores.ch\/index.php\/wp-json\/wp\/v2\/users\/1"}],"replies":[{"embeddable":true,"href":"https:\/\/codexflores.ch\/index.php\/wp-json\/wp\/v2\/comments?post=904"}],"version-history":[{"count":0,"href":"https:\/\/codexflores.ch\/index.php\/wp-json\/wp\/v2\/posts\/904\/revisions"}],"wp:attachment":[{"href":"https:\/\/codexflores.ch\/index.php\/wp-json\/wp\/v2\/media?parent=904"}],"wp:term":[{"taxonomy":"category","embeddable":true,"href":"https:\/\/codexflores.ch\/index.php\/wp-json\/wp\/v2\/categories?post=904"},{"taxonomy":"post_tag","embeddable":true,"href":"https:\/\/codexflores.ch\/index.php\/wp-json\/wp\/v2\/tags?post=904"}],"curies":[{"name":"wp","href":"https:\/\/api.w.org\/{rel}","templated":true}]}}