{"id":923,"date":"2014-01-12T16:34:43","date_gmt":"2014-01-12T16:34:43","guid":{"rendered":"https:\/\/codexflores.ch\/index.php\/2014\/01\/12\/granados-oper-maria-del-carmen\/"},"modified":"2014-01-12T16:34:43","modified_gmt":"2014-01-12T16:34:43","slug":"granados-oper-maria-del-carmen","status":"publish","type":"post","link":"https:\/\/codexflores.ch\/index.php\/2014\/01\/12\/granados-oper-maria-del-carmen\/","title":{"rendered":"Granados\u2019 Oper \u00abMar\u00eda del Carmen\u00bb"},"content":{"rendered":"<p><span class=\"txt-m-black\"><img decoding=\"async\" src=\"http:\/\/212.60.37.143\/bilder\/granados121204.jpg\" border=\"0\" align=\"left\" \/>15.12.2004 &#8212; Zu den vielen bedeutenden K\u00fcnstlern, die Opfer des Ersten Weltkriegs wurden, geh\u00f6rt auch der 1867 in L\u00e9rida (Lleida, Katalonien) geborene Pianist und Komponist Enrique Granados y Campina. Auf der R\u00fcckfahrt von New York, wo die szenische orchestrierte Fassung seines Klavierzyklus \u00abGoyescas\u00bb an der Metropolitan Opera mit grossem Beifall uraufgef\u00fchrt worden war (popul\u00e4r daraus ist die Arie \u00abDer Liebende und die Nachtigall\u00bb), kamen Granados und seine Frau Amparo am 24. M\u00e4rz 1916 vor Dieppe beim Untergang der torpedierten \u00abSussex\u00bb ums Leben. <\/p>\n<p> Bekannt geblieben ist Enrique Granados, der neben Alb\u00e9niz, de Falla und Turina bedeutendste spanische Komponist seiner Generation und hochger\u00fchmte Pianist und Chopin-Interpret, durch seine Klavierwerke. <\/p>\n<p> Wie Alb\u00e9niz und de Falla hatte Granados, der sich auch als Hobbymaler bet\u00e4tigte, Komposition bei Felipe Pedrell in Barcelona studiert, einem der Begr\u00fcnder der spanischen Musikwissenschaft, der f\u00fcr eine Erneuerung der nationalen Musik aus den Quellen der einheimischen Folklore pl\u00e4dierte. Nicht weniger stark wirkten sich auf Granados, der auch in Paris Unterricht genossen hatte und sp\u00e4ter mit Thibaut, Casals und Saint-Sa\u00ebns konzertierte, die Einfl\u00fcsse des in den 1880er Jahren in Barcelona aufkommenden Modernismus aus, einer avantgardistischen Str\u00f6mung, die, vergleichbar dem Jugendstil, alle Bereiche der Kultur umfasste und die katalanische Metropole zu einem Zentrum mit internationaler Ausstrahlung machte. Von den Hauptvertretern seien genannt die Architekten Antoni Gaud\u00ed, Lluis Dom\u00e8nech i Montaner und Josep Puig i Cadafalch (ihre eigenwilligen Bauten sind alsbald zu Denkm\u00e4lern geworden), unter den bildenden K\u00fcnstlern Ram\u00f3n Casas, Isidre Nonell, Pablo Picasso, Santiago Rusinyol, unter den Schriftstellern Joan Maragall und Apel.les Mestres. <\/p>\n<p> Komponisten machten es zu ihrem Anliegen, die katalanische (und die andalusische) Folklore in ihre Werke einfliessen zu lassen. Die Orientierung am Zeitstil f\u00fchrte Granados \u2013 er war diesbez\u00fcglich kein Einzelfall \u2013 zu Richard Wagner, dessen Schaffen er bewunderte und in seinen musikdramatischen Kompositionen reflektierte. <\/p>\n<p> Neben einer Handvoll Zarzuelas (einer spanischen Form der Operette mit Dialogen und Arien) schuf Granados auch die Oper \u00abMar\u00eda del Carmen\u00bb, die 1898 in Madrid unter seiner Leitung erfolgreich zur Urauff\u00fchrung kam. Wagners Vorbild erweist sich hier in der differenzierten und gewichtigen Orchesterbehandlung (Granados beherrscht das Metier des Instrumentierens meisterhaft), in den Finessen der Harmonik, in der grossr\u00e4umigen Anlage der Szenen. Granados beschreitet aber in seiner Musik mit Blick auf den Verismo eigene Wege: Nicht die stringente thematische und formale Entwicklung ist massgebend, sondern der organische Fluss des melodischen Materials, seine Brechungen und neuen Beleuchtungen, die Klangmalerei, die selbst\u00e4ndige, nicht von Instrumenten gest\u00fctzte F\u00fchrung der Vokalstimmen. Ganz pers\u00f6nliche F\u00e4rbung tr\u00e4gt die Einschmelzung folkloristischer Elemente aus S\u00fcdspanien bei (stilisierte Volkslieder, popul\u00e4re Tanzrhythmen), was dem Komponisten prompt Vorw\u00fcrfe seitens chauvinistischer Katalanen eintrug. <\/p>\n<p> Schauplatz der dreiaktigen Oper \u00abMar\u00eda del Carmen\u00bb ist ein Dorf in der Provinz Murcia. Wasserknappheit f\u00fchrt zum Zweikampf zwischen Javier, dem Sohn eines reichen Bauern, und Pencho, der aus \u00e4rmlichen Verh\u00e4ltnissen stammt. Pencho verwundet Javier und flieht. Penchos Geliebte Mar\u00eda del Carmen pflegt den verletzten Javier und verspricht ihm, um Pencho die Freiheit zu sichern, die Ehe. Nach einem Jahr kehrt Pencho zur\u00fcck; er und Mar\u00eda gestehen sich ihre Liebe. Um die Heirat Mar\u00edas mit Javier zu durchkreuzen, gesteht Pencho \u00f6ffentlich, dass er derjenige war, der Javier verwundet hat. Dieser, todkrank, fordert Pencho zum Duell, der sich jedoch, von Mar\u00eda beschwichtigt, zu k\u00e4mpfen weigert. Javier, milde gestimmt angesichts des Todes, segnet Mar\u00eda und Pencho und erm\u00f6glicht ihnen die Flucht. <\/p>\n<p> Das in seiner Grundstimmung lyrische Werk wurde im Rahmen des seit 1951 bestehenden Opernfestivals von Wexford (gelegen an der Ostk\u00fcste Irlands s\u00fcdlich von Dublin) im Oktober 2003 inszeniert und f\u00fcr das vorliegende Album live aufgezeichnet. Dem spanischen Dirigenten Max Bragado-Darman ist nicht nur die kritische Edition der Oper zu verdanken, sondern auch die inspirierte, atmosph\u00e4risch dichte Umsetzung dieser Musiktheater-Rarit\u00e4t mit dem Nationalen Philharmonieorchester von Belarus, dem Chor des Wexford Festivals und einem vorwiegend jungen (nicht in allen Belangen ganz \u00fcberzeugenden) 13-k\u00f6pfigen Solistenensemble. <\/p>\n<p> Das nicht im Booklet enthaltene spanische Libretto l\u00e4sst sich (ohne \u00dcbersetzungen) herunterladen bei http:\/\/www.naxos.com\/mainsite\/default.asp?pn=Libretti<br \/> <\/span> <span class=\"txt-m-black\">(<em>ws<\/em>)<\/span><\/p>\n<p><\/p>\n<p> <center> <\/p>\n<table style=\"width: 430px;\" summary=\"linie\" border=\"0\" cellspacing=\"0\" cellpadding=\"0\">\n<tbody>\n<tr>\n<td colspan=\"9\" bgcolor=\"#666666\" height=\"1\"><img loading=\"lazy\" decoding=\"async\" src=\"http:\/\/212.60.37.143\/grafiken\/dbrown1x1.gif\" border=\"0\" width=\"1\" height=\"1\" \/><\/td>\n<\/tr>\n<\/tbody>\n<\/table>\n<p> <\/center> <\/p>\n<p><span class=\"txt-s-black\">Enrique Granados: \u00ab<a href=\"http:\/\/www.amazon.de\/exec\/obidos\/ASIN\/B0002TXT20\/codexflores-21\">Maria Del Carmen<\/a>\u00bb. Oper in drei Akten. Libretto von Jos\u00e9 Feliu Codina. Diana Veronese (Mar\u00eda del Carmen, Sopran), Jes\u00fas Suaste (Pencho, Bariton), Dante Alcal\u00e1 (Javier, Tenor) u. a. Wexford Festival Opera Chorus. National Philharmonic Orchestra of Belarus. Leitung: Max Bragado-Darman. (Naxos\/Marco Polo 8.225292-93; 2 CDs, 103\u2019. Booklet engl.\/dt.)<\/span><\/p>\n","protected":false},"excerpt":{"rendered":"<p>15.12.2004 &#8212; Zu den vielen bedeutenden K\u00fcnstlern, die Opfer des Ersten Weltkriegs wurden, geh\u00f6rt auch der 1867 in L\u00e9rida (Lleida,&#8230;<\/p>\n","protected":false},"author":1,"featured_media":0,"comment_status":"open","ping_status":"open","sticky":false,"template":"","format":"standard","meta":{"footnotes":""},"categories":[13],"tags":[],"class_list":["post-923","post","type-post","status-publish","format-standard","hentry","category-tontraeger-besprechungen","entry"],"_links":{"self":[{"href":"https:\/\/codexflores.ch\/index.php\/wp-json\/wp\/v2\/posts\/923","targetHints":{"allow":["GET"]}}],"collection":[{"href":"https:\/\/codexflores.ch\/index.php\/wp-json\/wp\/v2\/posts"}],"about":[{"href":"https:\/\/codexflores.ch\/index.php\/wp-json\/wp\/v2\/types\/post"}],"author":[{"embeddable":true,"href":"https:\/\/codexflores.ch\/index.php\/wp-json\/wp\/v2\/users\/1"}],"replies":[{"embeddable":true,"href":"https:\/\/codexflores.ch\/index.php\/wp-json\/wp\/v2\/comments?post=923"}],"version-history":[{"count":0,"href":"https:\/\/codexflores.ch\/index.php\/wp-json\/wp\/v2\/posts\/923\/revisions"}],"wp:attachment":[{"href":"https:\/\/codexflores.ch\/index.php\/wp-json\/wp\/v2\/media?parent=923"}],"wp:term":[{"taxonomy":"category","embeddable":true,"href":"https:\/\/codexflores.ch\/index.php\/wp-json\/wp\/v2\/categories?post=923"},{"taxonomy":"post_tag","embeddable":true,"href":"https:\/\/codexflores.ch\/index.php\/wp-json\/wp\/v2\/tags?post=923"}],"curies":[{"name":"wp","href":"https:\/\/api.w.org\/{rel}","templated":true}]}}