{"id":924,"date":"2014-01-12T16:35:14","date_gmt":"2014-01-12T16:35:14","guid":{"rendered":"https:\/\/codexflores.ch\/index.php\/2014\/01\/12\/duo-d-accord-debuet-mit-reger\/"},"modified":"2014-01-12T16:35:14","modified_gmt":"2014-01-12T16:35:14","slug":"duo-d-accord-debuet-mit-reger","status":"publish","type":"post","link":"https:\/\/codexflores.ch\/index.php\/2014\/01\/12\/duo-d-accord-debuet-mit-reger\/","title":{"rendered":"Duo d\u2019Accord: Deb\u00fct mit Reger"},"content":{"rendered":"<p><span class=\"txt-m-black\"><img decoding=\"async\" src=\"http:\/\/212.60.37.143\/bilder\/reger151204.jpg\" border=\"0\" align=\"left\" \/>24.12.2004 &#8212; Max Reger (1873\u20131916), Ehrendoktor der Medizin, exorbitant in der handwerklichen Souver\u00e4nit\u00e4t, der Ver\u00e4steltung der Harmonik und als Vertilger von Esswaren, Pilsener und Zigarren, war als Anekdoten-Produzent ebenso fruchtbar wie als Komponist. Sein Intimus Karl Straube, Thomaskantor und Organist, der fast alle von Regers Orgelkompositionen uraufgef\u00fchrt hat, schrieb augenzwinkernd von \u00abpathologischer Neigung zu sehr grossen Quantit\u00e4ten\u00bb.<\/p>\n<p> Das Etikett des routinierten Vielschreibers wurde Reger nie los, und die zeitgen\u00f6ssische Musikkritik bedachte Werke des Oberpf\u00e4lzers nicht selten mit ehrenr\u00fchrigen Charakterisierungen. Andrerseits gestand Arnold Sch\u00f6nberg, der um ein Jahr j\u00fcngere Kollege, dass Regers Schrift \u00abBeitr\u00e4ge zur Modulationslehre\u00bb (Leipzig 1903) seinen Weg zur Zw\u00f6lftontechnik beeinflusst habe. <\/p>\n<p> Max Reger selbst sah sich, wie er in Aufs\u00e4tzen formulierte, als \u00abradikaler Fortschrittler\u00bb auf der Basis \u00abgenauester Kenntnis\u00bb der Werke der Meister und des Studiums ihres handwerklichen K\u00f6nnens. Darin erwies sich Reger, der \u00fcber exzellente Ged\u00e4chtnisgaben verf\u00fcgte, als w\u00fcrdiger Nachfahre und Weiterschreitender. Er gebot \u00fcber das ganze Arsenal an Formen, Satz-, Motiv- und Variationstechniken, \u00f6ffnete in monumentalen Werken wie in intimen Miniaturen neue Perspektiven der thematischen und der formalen Entwicklung. <\/p>\n<p> Hohe Anforderungen an Interpreten wie H\u00f6rer stellen die kompositorische Dichte der Partituren, die Intensit\u00e4t im Expressiven zwischen Polen wie Pathos und Verzweiflung, Humor und Tragik, Zartheit und Zerrissenheit, Ruhe und Hektik \u2013 ein Spiegel von Regers Pers\u00f6nlichkeit, oft ein Wechselbad der Gef\u00fchle auf kleinem Raum. \u00abUngeahnte seelische Stimmungen\u00bb ausl\u00f6sen wollte Reger mit seiner Musik, in der er, ohne die Tonalit\u00e4t zu zerfasern, weit \u00fcber Richard Wagners harmonische Komplikationen hinausgeht. <\/p>\n<p> Der Weg zu Regers Qualit\u00e4ten ist noch immer gepflastert mit Vorurteilen. Das belastendste ist die (im Dritten Reich forcierte) Betonung der retrospektiven Aspekte seines Schaffens anstelle der spannungsvollen Br\u00fcckenstellung Regers zwischen Sp\u00e4tromantik und anbrechender Moderne. W\u00e4hrend sich ein Teil von Regers Orgelwerk (vorab die grossen Choralfantasien) im Repertoire h\u00e4lt, findet seine Kammermusik noch heute kaum Beachtung. <\/p>\n<p> Erstaunlich und hocherfreulich deshalb, dass ein Klavierduo f\u00fcr sein Deb\u00fct-Album sich nicht an Mozart oder Schubert klammert, sondern an Max Reger erinnert. Das vor f\u00fcnf Jahren gegr\u00fcndete Duo d\u2019Accord \u2013 die Taiwanesin Shao-Yin Huang und der Deutsche Sebastian Euler \u2013 stellte sich h\u00f6chsten Anforderungen. In den Sechs St\u00fccken op. 94 (1906) ernsten Charakters, in den Sechs Burlesken op. 58 (1901) f\u00fcr Klavier zu vier H\u00e4nden und in Variationen und Fuge \u00fcber ein Thema von Beethoven op. 86 (1904) f\u00fcr zwei Klaviere gilt es ein bis in Finessen des kantablen Anschlags, der Artikulation, der Pedalbehandlung und des Ausdrucks perfekt austariertes Duospiel zu bewundern; es \u00fcberzeugt mit N\u00fcancen von \u00e4therischer Schwerelosigkeit bis zu machtvoller F\u00fclle, mit feinsinniger Klangregie und emotionaler Kraft. Eine fulminante Ehrenrettung des vernachl\u00e4ssigten \u00abFortschrittlers\u00bb und ein Zeugnis herausragender Interpretationskunst. <\/span> <span class=\"txt-m-black\">(<em>ws<\/em>)<\/span><\/p>\n<p><\/p>\n<p> <center> <\/p>\n<table style=\"width: 430px;\" summary=\"linie\" border=\"0\" cellspacing=\"0\" cellpadding=\"0\">\n<tbody>\n<tr>\n<td colspan=\"9\" bgcolor=\"#666666\" height=\"1\"><img loading=\"lazy\" decoding=\"async\" src=\"http:\/\/212.60.37.143\/grafiken\/dbrown1x1.gif\" border=\"0\" width=\"1\" height=\"1\" \/><\/td>\n<\/tr>\n<\/tbody>\n<\/table>\n<p> <\/center> <\/p>\n<p><span class=\"txt-s-black\">Max Reger: Works for Piano Duo. Duo d\u2019Accord. (Oehms Classics OC 353; 72\u2019)<\/span><\/p>\n","protected":false},"excerpt":{"rendered":"<p>24.12.2004 &#8212; Max Reger (1873\u20131916), Ehrendoktor der Medizin, exorbitant in der handwerklichen Souver\u00e4nit\u00e4t, der Ver\u00e4steltung der Harmonik und als Vertilger&#8230;<\/p>\n","protected":false},"author":1,"featured_media":0,"comment_status":"open","ping_status":"open","sticky":false,"template":"","format":"standard","meta":{"footnotes":""},"categories":[13],"tags":[],"class_list":["post-924","post","type-post","status-publish","format-standard","hentry","category-tontraeger-besprechungen","entry"],"_links":{"self":[{"href":"https:\/\/codexflores.ch\/index.php\/wp-json\/wp\/v2\/posts\/924","targetHints":{"allow":["GET"]}}],"collection":[{"href":"https:\/\/codexflores.ch\/index.php\/wp-json\/wp\/v2\/posts"}],"about":[{"href":"https:\/\/codexflores.ch\/index.php\/wp-json\/wp\/v2\/types\/post"}],"author":[{"embeddable":true,"href":"https:\/\/codexflores.ch\/index.php\/wp-json\/wp\/v2\/users\/1"}],"replies":[{"embeddable":true,"href":"https:\/\/codexflores.ch\/index.php\/wp-json\/wp\/v2\/comments?post=924"}],"version-history":[{"count":0,"href":"https:\/\/codexflores.ch\/index.php\/wp-json\/wp\/v2\/posts\/924\/revisions"}],"wp:attachment":[{"href":"https:\/\/codexflores.ch\/index.php\/wp-json\/wp\/v2\/media?parent=924"}],"wp:term":[{"taxonomy":"category","embeddable":true,"href":"https:\/\/codexflores.ch\/index.php\/wp-json\/wp\/v2\/categories?post=924"},{"taxonomy":"post_tag","embeddable":true,"href":"https:\/\/codexflores.ch\/index.php\/wp-json\/wp\/v2\/tags?post=924"}],"curies":[{"name":"wp","href":"https:\/\/api.w.org\/{rel}","templated":true}]}}