{"id":935,"date":"2014-01-12T21:24:50","date_gmt":"2014-01-12T21:24:50","guid":{"rendered":"https:\/\/codexflores.ch\/index.php\/2014\/01\/12\/hoerreise-durch-japans-kultur-und-geschichte\/"},"modified":"2014-01-12T21:24:50","modified_gmt":"2014-01-12T21:24:50","slug":"hoerreise-durch-japans-kultur-und-geschichte","status":"publish","type":"post","link":"https:\/\/codexflores.ch\/index.php\/2014\/01\/12\/hoerreise-durch-japans-kultur-und-geschichte\/","title":{"rendered":"H\u00f6rreise durch Japans Kultur und Geschichte"},"content":{"rendered":"<p><span class=\"txt-m-black\"><img decoding=\"async\" src=\"http:\/\/212.60.37.143\/bilder\/japan270605.jpg\" border=\"0\" align=\"left\" \/>28.06.2005 &#8212; Japan, das Land der Extreme, des Nebeneinanders von jahrhundertealter Tradition und modernem Zeitgeist, das Land der Verschmelzung der Gegens\u00e4tze. Immer wieder fasziniert und irritiert das Land der aufgehenden Sonne, das sich w\u00e4hrend \u00fcber 200 Jahren unter den Shogun-Herrschern v\u00f6llig isoliert hatte und erst ab 1853 unter dem Druck der USA Handelsbeziehungen aufnahm. Der Japanismus verbreitete sich in der zweiten H\u00e4lfte des 19. Jahrhunderts im Westen, und das Interesse an einer in vielen Aspekten geheimnisvollen Zivilisation hat bis heute nicht nachgelassen. <\/p>\n<p> Keineswegs einfach ist es f\u00fcr einen im Abendland verwurzelten Menschen, tiefere Einsicht in das Wesen der japanischen Kultur zu gewinnen. Das Japan-EU-Jahr der Begegnung und das Schleswig-Holstein Musik Festival 2005, das im Juli und August Japan als L\u00e4nderschwerpunkt pr\u00e4sentiert (und die vorliegende CD zu seinem \u00aboffiziellen H\u00f6rbuch\u00bb erkl\u00e4rt hat), waren Anstoss zum Album \u00abJapan h\u00f6ren\u00bb, dem ersten deutschsprachigen H\u00f6rbuch \u00fcber Japans Vergangenheit und Gegenwart. <\/p>\n<p> Die spannende H\u00f6rbild-Reise f\u00fchrt in zwanzig Stationen von der mythologischen Geburt des Inselreichs Japan aus dem Meer zum hochindustriellen Staat am Beginn des 21. Jahrhunderts. Die Autorinnen und Produzentinnen Corinna Hesse und Antje Hinz bringen vielseitige, von Klischees befreite Aspekte zur Sprache: Religion, Zen, Kalligrafie, bildende Kunst und Literatur, Theater, Musik, Bau- und Gartenarchitektur, das Leben des Adels, der B\u00fcrger, der Samurai und der Geishas, Bildungsprogramme, die politischen Stationen, die wirtschaftliche Entwicklung und das Verh\u00e4ltnis zum Westen. <\/p>\n<p> Ungetr\u00fcbtes 76-min\u00fctiges H\u00f6rvergn\u00fcgen beschert diesem spannenden Reigen der Ereignisse, der Informationen, Erl\u00e4uterungen und Interpretationen der Film- und Theaterschauspieler Rolf Becker mit sonorer baritonaler Stimme. Besonderes Ohrenmerk gewidmet haben die Autorinnen der Musik, die einerseits samt den wichtigsten Perkussions-, Saiten- und Blasinstrumenten auch im Text thematisiert ist, andrerseits die einzelnen Kapitel durch Originalaufnahmen sinnvoll begleitet: Ausschnitte aus Musik zu Shint\u00f4-Ritualen und zum N\u00f4-, Kabuki- und Bunraku-Theater, aus der Hofmusik Gagaku, aus Sh\u00f4my\u00f4-Ges\u00e4ngen und Volksliedern, aus Sullivans \u00abThe Mikado\u00bb, Puccinis \u00abMadama Butterfly\u00bb, aus einer Duokomposition von Toru Takemitsu und aus der japanisch gesungenen Euro-Hymne. Die einzelnen Musikbeispiele sind im gesprochenen Text zwar genannt, allerdings im \u00e4sthetisch apart gestalteten bilderreichen Beiheft des SmartPack-Albums nicht aufgef\u00fchrt. <\/span> <span class=\"txt-m-black\">(<em>ws<\/em>)<\/span><\/p>\n<p><\/p>\n<p> <center> <\/p>\n<table style=\"width: 430px;\" summary=\"linie\" border=\"0\" cellspacing=\"0\" cellpadding=\"0\">\n<tbody>\n<tr>\n<td colspan=\"9\" bgcolor=\"#666666\" height=\"1\"><img loading=\"lazy\" decoding=\"async\" src=\"http:\/\/212.60.37.143\/grafiken\/dbrown1x1.gif\" border=\"0\" width=\"1\" height=\"1\" \/><\/td>\n<\/tr>\n<\/tbody>\n<\/table>\n<p> <\/center> <\/p>\n<p><span class=\"txt-s-black\">\u00abJapan h\u00f6ren \u2013 Das Japan-H\u00f6rbuch\u00bb, erschienen im Silberfuchs-Verlag \u2013 H\u00f6ren <br \/>und Wissen, D-23863 Kayhude, ist nur im Direktvertrieb zu beziehen (\u20ac 20,- zzgl. <br \/>\u20ac 3,- Versandkosten) via <a href=\"http:\/\/www.japanhoeren.de\" target=\"blank\" rel=\"noopener noreferrer\">www.japanhoeren.de<\/a> oder Telefon 040-18017851 <br \/>bzw. Fax 040-18017849.<\/span><\/p>\n","protected":false},"excerpt":{"rendered":"<p>28.06.2005 &#8212; Japan, das Land der Extreme, des Nebeneinanders von jahrhundertealter Tradition und modernem Zeitgeist, das Land der Verschmelzung der&#8230;<\/p>\n","protected":false},"author":1,"featured_media":0,"comment_status":"open","ping_status":"open","sticky":false,"template":"","format":"standard","meta":{"footnotes":""},"categories":[13],"tags":[],"class_list":["post-935","post","type-post","status-publish","format-standard","hentry","category-tontraeger-besprechungen","entry"],"_links":{"self":[{"href":"https:\/\/codexflores.ch\/index.php\/wp-json\/wp\/v2\/posts\/935","targetHints":{"allow":["GET"]}}],"collection":[{"href":"https:\/\/codexflores.ch\/index.php\/wp-json\/wp\/v2\/posts"}],"about":[{"href":"https:\/\/codexflores.ch\/index.php\/wp-json\/wp\/v2\/types\/post"}],"author":[{"embeddable":true,"href":"https:\/\/codexflores.ch\/index.php\/wp-json\/wp\/v2\/users\/1"}],"replies":[{"embeddable":true,"href":"https:\/\/codexflores.ch\/index.php\/wp-json\/wp\/v2\/comments?post=935"}],"version-history":[{"count":0,"href":"https:\/\/codexflores.ch\/index.php\/wp-json\/wp\/v2\/posts\/935\/revisions"}],"wp:attachment":[{"href":"https:\/\/codexflores.ch\/index.php\/wp-json\/wp\/v2\/media?parent=935"}],"wp:term":[{"taxonomy":"category","embeddable":true,"href":"https:\/\/codexflores.ch\/index.php\/wp-json\/wp\/v2\/categories?post=935"},{"taxonomy":"post_tag","embeddable":true,"href":"https:\/\/codexflores.ch\/index.php\/wp-json\/wp\/v2\/tags?post=935"}],"curies":[{"name":"wp","href":"https:\/\/api.w.org\/{rel}","templated":true}]}}