{"id":949,"date":"2014-01-12T21:32:08","date_gmt":"2014-01-12T21:32:08","guid":{"rendered":"https:\/\/codexflores.ch\/index.php\/2014\/01\/12\/patchwork-europe-early-recordings\/"},"modified":"2014-01-12T21:32:08","modified_gmt":"2014-01-12T21:32:08","slug":"patchwork-europe-early-recordings","status":"publish","type":"post","link":"https:\/\/codexflores.ch\/index.php\/2014\/01\/12\/patchwork-europe-early-recordings\/","title":{"rendered":"Patchwork Europe \u2013 early recordings"},"content":{"rendered":"<p><span class=\"txt-m-black\"><img decoding=\"async\" src=\"http:\/\/212.60.37.143\/bilder\/2006\/patchw29406.jpg\" border=\"0\" align=\"left\" \/>04.05.2006 &#8212; Klanglandschaft Europa in der ersten H\u00e4lfte des 20. Jahrhunderts: Aufnahmen typischer Volksmusik von Norwegen bis Sardinien, von Irland bis Mallorca, von der Atlantikk\u00fcste bis zum Ural. Die in diesem Album versammelten 26 seltenen Einspielungen, die zwischen 1911 und 1954 gemacht wurden, \u00fcberraschen durch die Vielfalt der Stile, der Traditionen, der Stimmungen, nicht zuletzt durch das K\u00f6nnen popul\u00e4rer Vokalisten, Volksmusikanten und Gruppen. <\/p>\n<p> Dass viele dieser Aufnahmen aus den USA stammen, ist die Folge der Emigrationssch\u00fcbe, die Hunderttausende von Europ\u00e4ern aus wirtschaftlichen oder politischen Gr\u00fcnden in die Neue Welt getrieben haben. Die Musiker hatten ihre Instrumente im Gep\u00e4ck und spielten in der neuen Heimat vor fremdem, an exotisch Klingendem interessierten Publikum oder im Kreis ihrer heimwehgeplagten Landsleute in der Regel zum Tanz auf. <\/p>\n<p> Lang, zu lang hat die junge Aufnahme-Industrie in Europa wie in Amerika die Volksmusik gering geachtet, sei es aus Desinteresse, sei es weil ausschliesslich die Nachfrage der K\u00e4uferschicht befriedigt werden musste und dabei die \u00abKunstmusik\u00bb an oberster Stelle rangierte. Nicht zuletzt dem Verlangen der europ\u00e4ischen Immigranten in Amerika nach den vertrauten Kl\u00e4ngen ihres Herkunftslandes verdanken wir es, dass Volksmusikanten ins Aufnahmestudio gingen. Wie die Muttersprache in den Auswandererkolonien weniger Umbildungen unterworfen war als in der Heimat, haben sich auch traditionelle europ\u00e4ische Musikstile in der Fremde zum Teil besser erhalten als im Ursprungsgebiet auf dem alten Kontinent. <\/p>\n<p> Die faszinierende Reise durch Europa l\u00e4sst Solostimmen, M\u00e4nnertrio und Frauenquartett erklingen und ein zahlreiches typisches Instrumentarium, darunter Geige und Hardanger Fiddle, Akkordeon und Bandoneon, Hackbrett und Cymbalom, Dudelsack, Drehleier, Mandoline, Klarinette und Tarogato, Tamburitza und Launeddas. <\/p>\n<p> Trouvaillen sind Aufnahmen mit der Fado-S\u00e4ngerin Ermelinda Vit\u00f3ria (1929), der Flamenco-Interpretin La Ni\u00f1a de los Peines (1927) und der Dimotiki-S\u00e4ngerin Georgia Mittaki (1948), mit dem sardischen Launeddas-Virtuosen Efisio Melis (1937) und dem finnischen Geiger und S\u00e4nger Erik Kivi (1926), dem Konzertina-Solisten Grigori Matusewics aus Weissrussland (1929), mit dem Tarogato-Bl\u00e4ser Olah Lajos aus Ungarn (vor 1914) und dem rum\u00e4nischen Klarinettisten Traian Lascut (um 1937), einem Vokaltrio aus Albanien (1930) und einem Appenzeller Jodlerquartett (1911). <\/p>\n<p> Christoph Wagner, auch Herausgeber der Wergo-CD-Serie Echoes of World Cultures, hat die zweieinhalb- bis gut dreimin\u00fctigen St\u00fccke aus sieben privaten Schellackplatten-Sammlungen zusammengestellt, von st\u00f6renden Abspielger\u00e4uschen reinigen lassen und im illustrierten Booklet (engl., dt.) kenntnisreich erl\u00e4utert und mit Kurzbiografien der Solisten und Gruppen versehen. <\/span> <span class=\"txt-m-black\">(<em>ws<\/em>)<\/span><\/p>\n<p><\/p>\n<p> <center> <\/p>\n<table style=\"width: 430px;\" summary=\"linie\" border=\"0\" cellspacing=\"0\" cellpadding=\"0\">\n<tbody>\n<tr>\n<td colspan=\"9\" bgcolor=\"#666666\" height=\"1\"><img loading=\"lazy\" decoding=\"async\" src=\"http:\/\/212.60.37.143\/grafiken\/dbrown1x1.gif\" border=\"0\" width=\"1\" height=\"1\" \/><\/td>\n<\/tr>\n<\/tbody>\n<\/table>\n<p> <\/center> <\/p>\n<p><span class=\"txt-s-black\">Patchwork Europe \u2013 early recordings 1911\u20131954. (Serie Weltmusik, Wergo SM 1626 2; mono, 75\u2019) <a href=\"http:\/\/www.amazon.de\/exec\/obidos\/redirect?link_code=as2&amp;path=ASIN\/B000A7XJSS&amp;tag=codexflores-21&amp;camp=1638&amp;creative=6742\">Bei Amazon kaufen<\/a><img loading=\"lazy\" decoding=\"async\" src=\"http:\/\/www.assoc-amazon.de\/e\/ir?t=codexflores-21&amp;l=as2&amp;o=3&amp;a=B000A7XJSS\" border=\"0\" alt=\"\" width=\"1\" height=\"1\" style=\"border: none !important; margin: 0px !important;\" \/><\/span><\/p>\n","protected":false},"excerpt":{"rendered":"<p>04.05.2006 &#8212; Klanglandschaft Europa in der ersten H\u00e4lfte des 20. Jahrhunderts: Aufnahmen typischer Volksmusik von Norwegen bis Sardinien, von Irland&#8230;<\/p>\n","protected":false},"author":1,"featured_media":0,"comment_status":"open","ping_status":"open","sticky":false,"template":"","format":"standard","meta":{"footnotes":""},"categories":[13],"tags":[],"class_list":["post-949","post","type-post","status-publish","format-standard","hentry","category-tontraeger-besprechungen","entry"],"_links":{"self":[{"href":"https:\/\/codexflores.ch\/index.php\/wp-json\/wp\/v2\/posts\/949","targetHints":{"allow":["GET"]}}],"collection":[{"href":"https:\/\/codexflores.ch\/index.php\/wp-json\/wp\/v2\/posts"}],"about":[{"href":"https:\/\/codexflores.ch\/index.php\/wp-json\/wp\/v2\/types\/post"}],"author":[{"embeddable":true,"href":"https:\/\/codexflores.ch\/index.php\/wp-json\/wp\/v2\/users\/1"}],"replies":[{"embeddable":true,"href":"https:\/\/codexflores.ch\/index.php\/wp-json\/wp\/v2\/comments?post=949"}],"version-history":[{"count":0,"href":"https:\/\/codexflores.ch\/index.php\/wp-json\/wp\/v2\/posts\/949\/revisions"}],"wp:attachment":[{"href":"https:\/\/codexflores.ch\/index.php\/wp-json\/wp\/v2\/media?parent=949"}],"wp:term":[{"taxonomy":"category","embeddable":true,"href":"https:\/\/codexflores.ch\/index.php\/wp-json\/wp\/v2\/categories?post=949"},{"taxonomy":"post_tag","embeddable":true,"href":"https:\/\/codexflores.ch\/index.php\/wp-json\/wp\/v2\/tags?post=949"}],"curies":[{"name":"wp","href":"https:\/\/api.w.org\/{rel}","templated":true}]}}