{"id":95,"date":"2014-01-09T12:51:28","date_gmt":"2014-01-09T12:51:28","guid":{"rendered":"https:\/\/codexflores.ch\/index.php\/2014\/01\/09\/news-reel-matters-abschied-von-gruntz\/"},"modified":"2014-01-09T12:51:28","modified_gmt":"2014-01-09T12:51:28","slug":"news-reel-matters-abschied-von-gruntz","status":"publish","type":"post","link":"https:\/\/codexflores.ch\/index.php\/2014\/01\/09\/news-reel-matters-abschied-von-gruntz\/","title":{"rendered":"News Reel Matters: Abschied von Gruntz"},"content":{"rendered":"<p><em><img decoding=\"async\" src=\"images\/archivbilder\/131011gruntz.jpg\" border=\"0\" alt=\"Cover Gruntz\" style=\"float: left; margin: 4px;\" \/>11.10.2013 &#8212;<\/em> <span class=\"txt-m-black\">Am 10. Januar dieses Jahres ist in Allschwil der Schweizer Band Leader, Komponist und Pianist George Gruntz verstorben. Noch am 29. und 30 November 2012 hat er in den Avatar-Studios in New York mit seiner George Gruntz Concert Jazz Band eine letzte CD (\u00abNews Reel Matters\u00bb, Musiques Suisses) aufgenommen. Der Titel kn\u00fcpft an die fr\u00fchere CD \u00abMatterhorn Matters\u00bb an, die ebenfalls beim Label Musiques Suisses erschienen ist. Vorgesehen war, dass er Anfang 2013 in einem Studio in Bonn selber noch Klavierparts \u00fcber die Aufnahmen legen sollte. Sein Gesundheitszustand liess dies allerdings nicht mehr zu, so dass statt ihm sein enger musikalischer Freund Vladyslav Sendecki die Aufgabe \u00fcbernommen hat.<\/p>\n<p> Die CD spannt den Bogen weit \u2012 von \u00dcberblendungen legend\u00e4rer Konzertmitschnitte aus dem Jahr 1958 mit Louis Armstrong am Newport Jazzfestival, auf denen Gruntz schon als Pianist zu h\u00f6ren ist, \u00fcber eine eigenwillige Demontage von Victor Youngs Standard Stella by Starlight (auf der Basis einer Miles-Davies-Version aus dem Jahr 1964) bis zu Eigenkompositionen von Gruntz und einem ber\u00fchrenden Goodbye als ausklingendem Klaviersolo. <\/p>\n<p> Man w\u00e4re also versucht, das als ein res\u00fcmeeziehendes Alterwerks zu h\u00f6ren. Ein Res\u00fcmmee mag es sein, von Altersstil allerdings ist hier keine Rede, h\u00f6chstens was die formale und \u00e4sthetische Meisterschaft angeht. Gruntz zeigt sich musikalisch frech, einfallsreich, provokativ und vital wie eh und je. Kaum zu glauben, dass er f\u00fcr die Aufnahmen entgegen \u00e4rztlichen Ratschlages die letzten k\u00f6rperlichen Reserven mobilisierte. <\/p>\n<p> Im Anhang des Booklets finden sich noch einige Originalbeitr\u00e4ge zu George Gruntz. Da schreibt etwa der Journalist und Pilot Ruedi von Gunten, wie er sich mit George Gruntz (der in Sigriswil am Thunersee wohnte) in einem offenen Akrobatikflugzeug Modell B\u00fccker 131 Jungmann (Baujahr 1938) die Eigernordwand entlang Richtung Grindelwald fallen liess.<\/p>\n<p> \u00abBei George ging der Daumen der rechten Hand hoch, ein Zeichen, dass es ihm Riesenspass machte\u00bb, kommentiert von Gunten das verr\u00fcckte Man\u00f6ver. So sollte man Gruntz auch in Erinnerung behalten: Abenteurlustig, unerschrocken, begeisterungsf\u00e4hig und in allem, was er tat, \u00fcberaus wohlwollend und professionell. <em>(wb)<\/em><\/p>\n<p><em><span class=\"txt-s-black\" style=\"font-size: x-small;\"> George Gruntz Concert Jazz Band: News Reel Matters. Musiques Suisses. MGB Jazz 11. <\/span><\/em><\/span><\/p>\n","protected":false},"excerpt":{"rendered":"<p>11.10.2013 &#8212; Am 10. Januar dieses Jahres ist in Allschwil der Schweizer Band Leader, Komponist und Pianist George Gruntz verstorben.&#8230;<\/p>\n","protected":false},"author":1,"featured_media":0,"comment_status":"open","ping_status":"open","sticky":false,"template":"","format":"standard","meta":{"footnotes":""},"categories":[4],"tags":[],"class_list":["post-95","post","type-post","status-publish","format-standard","hentry","category-im-gespraech","entry"],"_links":{"self":[{"href":"https:\/\/codexflores.ch\/index.php\/wp-json\/wp\/v2\/posts\/95","targetHints":{"allow":["GET"]}}],"collection":[{"href":"https:\/\/codexflores.ch\/index.php\/wp-json\/wp\/v2\/posts"}],"about":[{"href":"https:\/\/codexflores.ch\/index.php\/wp-json\/wp\/v2\/types\/post"}],"author":[{"embeddable":true,"href":"https:\/\/codexflores.ch\/index.php\/wp-json\/wp\/v2\/users\/1"}],"replies":[{"embeddable":true,"href":"https:\/\/codexflores.ch\/index.php\/wp-json\/wp\/v2\/comments?post=95"}],"version-history":[{"count":0,"href":"https:\/\/codexflores.ch\/index.php\/wp-json\/wp\/v2\/posts\/95\/revisions"}],"wp:attachment":[{"href":"https:\/\/codexflores.ch\/index.php\/wp-json\/wp\/v2\/media?parent=95"}],"wp:term":[{"taxonomy":"category","embeddable":true,"href":"https:\/\/codexflores.ch\/index.php\/wp-json\/wp\/v2\/categories?post=95"},{"taxonomy":"post_tag","embeddable":true,"href":"https:\/\/codexflores.ch\/index.php\/wp-json\/wp\/v2\/tags?post=95"}],"curies":[{"name":"wp","href":"https:\/\/api.w.org\/{rel}","templated":true}]}}