{"id":960,"date":"2014-01-12T21:37:53","date_gmt":"2014-01-12T21:37:53","guid":{"rendered":"https:\/\/codexflores.ch\/index.php\/2014\/01\/12\/buxtehude-und-luebeck-ein-hoerbuch\/"},"modified":"2014-01-12T21:37:53","modified_gmt":"2014-01-12T21:37:53","slug":"buxtehude-und-luebeck-ein-hoerbuch","status":"publish","type":"post","link":"https:\/\/codexflores.ch\/index.php\/2014\/01\/12\/buxtehude-und-luebeck-ein-hoerbuch\/","title":{"rendered":"Buxtehude und L\u00fcbeck \u2013 ein H\u00f6rbuch"},"content":{"rendered":"<p><span class=\"txt-m-black\"><img decoding=\"async\" src=\"http:\/\/212.60.37.143\/bilder\/2006\/bux111206.jpg\" border=\"0\" align=\"left\" \/>12.12.2006 &#8212; Gewaltig war sein Ruhm, doch seine Vita ist voll ungel\u00f6ster R\u00e4tsel. Als Geburtsjahr Dieterich Buxtehudes gilt (mit dem Unsicherheitsvermerk ca.) 1637. Seine Jugend, Schulzeit und Ausbildung zum Organisten, Cembalisten und Komponisten liegen im Dunkeln. Anzunehmen, dass er in Helsing\u00f6r die Lateinschule besuchte und von seinem Vater Johann, einem deutschen Organisten (die Mutter war d\u00e4nischer Abstammung), unterrichtet wurde. Verb\u00fcrgt ist, dass Dieterich mit gut zwanzig Jahren an St. Marien in Helsingborg, dann an St. Marien in Helsing\u00f6r als Organist wirkte. 1668 wurde er zum Nachfolger Franz Tunders an St. Marien in L\u00fcbeck, der offiziellen Ratskirche, gew\u00e4hlt. Ususgem\u00e4ss heiratete er eine von dessen T\u00f6chtern. <\/p>\n<p> W\u00e4hrend der Kantor f\u00fcr die Vokalmusik im Rahmen des Gottesdienstes zust\u00e4ndig war, hatte der Organist Vor-, Zwischen- und Nachspiele zu bestreiten. So schuf sich Buxtehude, der auch f\u00fcr Musik zu \u00f6ffentlichen Festen und zu Begr\u00e4bnissen zu sorgen hatte, weitere M\u00f6glichkeiten, sein K\u00f6nnen einzusetzen: Er gab glanzvolle Orgelrezitals und f\u00fchrte die von Tunder begr\u00fcndeten, ber\u00fchmt gewordenen \u00abAbend Musiquen\u00bb weiter, die \u00e4lteste \u00f6ffentliche Konzertreihe der Welt. <\/p>\n<p> Buxtehude, als sesshaft geltend, da \u2013 erstaunlicherweise f\u00fcr seinen Rang \u2013 keine Reisen bekannt sind, starb 1707 und wurde in der Marien-Kirche beigesetzt; sie fiel 1942 unter dem Bombenhagel in Schutt und Asche. Zwei Jahre vor seinem Tod hatte der alte Meister den Besuch eines jungen Kollegen erhalten: Johann Sebastian Bach weilte f\u00fcr knapp drei Monate zur Weiterbildung bei Buxtehude in L\u00fcbeck. <\/p>\n<p> Was hier nur knapp umrissen ist, es wird in Wort und Musik einl\u00e4sslich und faktenreich beschrieben in der k\u00fcnstlerisch apart ausgestatteten CD-Edition \u00abK\u00f6niginnen oder Die 7 R\u00e4tsel des Dieterich B.\u00bb. Der \u00e4ussere Anlass: Im kommenden Jahr wird des 300. Todestags Buxtehudes gedacht, und dem von der Kulturjournalistin und Musikwissenschaftlerin Corinna Hesse konzipierten und verfassten Album kommt insofern offizieller Charakter zu, als es mit Unterst\u00fctzung des Komitees L\u00fcbecker Buxtehude-Festjahr und der Internationalen Dieterich-Buxtehude-Gesellschaft erscheint. <\/p>\n<p> Buxtehude und L\u00fcbeck sind die beiden Zentren der sechzehnteiligen H\u00f6rfolge, in der Text und Klangbeispiele \u2013 Vokal-, Instrumental- und Orgelmusik \u2013 atmosph\u00e4risch aufeinander abgestimmt und akkurat verzahnt sind. Der Schauspieler Christoph Bantzer schildert mit flexiblem Ausdruck wichtige Momente im Leben und Schaffen des genialen Musikers, aber auch Geschichte und Schicksal der \u00abK\u00f6nigin der Hanse\u00bb.<\/p>\n<p> Der Blick weitet sich: in den ganzen Ostseeraum und dessen Jahrhunderte alte Vergangenheit, in Zeiten von Kriegswirren und Pestz\u00fcgen, sozialen Umschichtungen, wissenschaftlichen und wirtschaftlichen Revolutionen. Der Blick vertieft sich: in die L\u00fcbecker Bev\u00f6lkerung, in die Gesellschaftsstrukturen und -ordnungen, in die Stellung des Menschen im Dies- und im Jenseits, in religi\u00f6sen Umbruch, in philosophische Geistesstr\u00f6mungen und Debatten, in die musikalische Kosmologie, das st\u00e4dtische Kunst- und Musikleben, in den \u00dcbergang von alten zu neuen Vorstellungen und \u2013 als Cantus firmus \u2013 in das Schaffen Buxtehudes. <\/p>\n<p> R\u00e4tsel faszinieren, beleben die Fantasie, regen an zum Denken, weisen auf R\u00e4ume zum Ergr\u00fcnden. Sie \u00f6ffnen im Fall Buxtehude auch die Neugier, sich einzulassen auf das Werk des grossen Unbekannten unter den norddeutschen Komponisten und den Schauplatz seines vierzigj\u00e4hrigen Wirkens. Die Entdeckungslust zu wecken ist eins der Verdienste dieser vielstimmigen akustischen Reise in die Vergangenheit einer ehedem m\u00e4chtigen Hansestadt und die ungebrochene Wirkungsmacht des Dieterich Buxtehude.<\/span> <span class=\"txt-m-black\">(<em>ws<\/em>)<\/span><\/p>\n<p><\/p>\n<p> <center> <\/p>\n<table style=\"width: 430px;\" summary=\"linie\" border=\"0\" cellspacing=\"0\" cellpadding=\"0\">\n<tbody>\n<tr>\n<td colspan=\"9\" bgcolor=\"#666666\" height=\"1\"><img loading=\"lazy\" decoding=\"async\" src=\"http:\/\/212.60.37.143\/grafiken\/dbrown1x1.gif\" border=\"0\" width=\"1\" height=\"1\" \/><\/td>\n<\/tr>\n<\/tbody>\n<\/table>\n<p> <\/center> <\/p>\n<p><span class=\"txt-s-black\">\u00abK\u00f6niginnen oder Die 7 R\u00e4tsel des Dieterich B.\u00bb. L\u00fcbeck feiert Buxtehude. Das H\u00f6rbuch: Stadtgeschichte \u2013 Lebensgeschichte. Text: Corinna Hesse. Sprecher: Christoph Bantzer. Mit \u00fcber 60 Musikbeispielen. 80&#8242;. (Silberfuchs-Verlag \u2013 H\u00f6ren und Wissen, Kayhude) <a href=\"http:\/\/www.silberfuchs-verlag.de\/buxtehude\/index.html\" target=\"blank\" rel=\"noopener noreferrer\">www.silberfuchs-verlag.de<\/a> <\/span><\/p>\n","protected":false},"excerpt":{"rendered":"<p>12.12.2006 &#8212; Gewaltig war sein Ruhm, doch seine Vita ist voll ungel\u00f6ster R\u00e4tsel. Als Geburtsjahr Dieterich Buxtehudes gilt (mit dem&#8230;<\/p>\n","protected":false},"author":1,"featured_media":0,"comment_status":"open","ping_status":"open","sticky":false,"template":"","format":"standard","meta":{"footnotes":""},"categories":[13],"tags":[],"class_list":["post-960","post","type-post","status-publish","format-standard","hentry","category-tontraeger-besprechungen","entry"],"_links":{"self":[{"href":"https:\/\/codexflores.ch\/index.php\/wp-json\/wp\/v2\/posts\/960","targetHints":{"allow":["GET"]}}],"collection":[{"href":"https:\/\/codexflores.ch\/index.php\/wp-json\/wp\/v2\/posts"}],"about":[{"href":"https:\/\/codexflores.ch\/index.php\/wp-json\/wp\/v2\/types\/post"}],"author":[{"embeddable":true,"href":"https:\/\/codexflores.ch\/index.php\/wp-json\/wp\/v2\/users\/1"}],"replies":[{"embeddable":true,"href":"https:\/\/codexflores.ch\/index.php\/wp-json\/wp\/v2\/comments?post=960"}],"version-history":[{"count":0,"href":"https:\/\/codexflores.ch\/index.php\/wp-json\/wp\/v2\/posts\/960\/revisions"}],"wp:attachment":[{"href":"https:\/\/codexflores.ch\/index.php\/wp-json\/wp\/v2\/media?parent=960"}],"wp:term":[{"taxonomy":"category","embeddable":true,"href":"https:\/\/codexflores.ch\/index.php\/wp-json\/wp\/v2\/categories?post=960"},{"taxonomy":"post_tag","embeddable":true,"href":"https:\/\/codexflores.ch\/index.php\/wp-json\/wp\/v2\/tags?post=960"}],"curies":[{"name":"wp","href":"https:\/\/api.w.org\/{rel}","templated":true}]}}