{"id":966,"date":"2014-01-13T07:18:20","date_gmt":"2014-01-13T07:18:20","guid":{"rendered":"https:\/\/codexflores.ch\/index.php\/2014\/01\/13\/orchestra-mozart-muss-aktivitaeten-einstellen\/"},"modified":"2014-01-13T07:18:20","modified_gmt":"2014-01-13T07:18:20","slug":"orchestra-mozart-muss-aktivitaeten-einstellen","status":"publish","type":"post","link":"https:\/\/codexflores.ch\/index.php\/2014\/01\/13\/orchestra-mozart-muss-aktivitaeten-einstellen\/","title":{"rendered":"Orchestra Mozart muss Aktivit\u00e4ten einstellen"},"content":{"rendered":"<p>13.01.2014 &#8212; Das von Claudio Abbado gegr\u00fcndete Orchestra Mozart ist laut internationalen Presseberichten in ernsthaften Schwierigkeiten. Es muss seine Konzertt\u00e4tigkeit vorerst einstellen. Der Tr\u00e4gerstiftung fehlen die Sponsoren.\u00a0<\/p>\n<p>\u00a0<\/p>\n<p><strong>13.01.2014 &#8212; Das von Claudio Abbado gegr\u00fcndete Orchestra Mozart ist laut internationalen Presseberichten in ernsthaften Schwierigkeiten. Es muss seine Konzertt\u00e4tigkeit vorerst einstellen. Der Tr\u00e4gerstiftung fehlen die Sponsoren.<\/strong><\/p>\n<p>Die Finanzierung des 2004 gegr\u00fcndeten Ensembles steht und f\u00e4llt mit der Pr\u00e4senz seines Gr\u00fcnders. Abbado hat aber seit September aus gesundheitlichen Gr\u00fcnden alle Konzerte absagen m\u00fcssen. Laut dem Orchestermanager Fabio Roversi haben sich die Geldgeber deshalb zur\u00fcckgezogen.<\/p>\n<p>Wann dass Abbado wieder aufs Podium zur\u00fcckkehren wird, ist offen. An Ostern sollte das Orchestra Mozart im Rahmen von Lucerne Festival auftreten. Wie die NZZ schreibt, ist der Festival-Intendant Michael H\u00e4fliger mit dem Ensemble noch in Verhandlungen, um f\u00fcr das Engagement eine L\u00f6sung zu finden. <em>(cf)<\/em><\/p>\n","protected":false},"excerpt":{"rendered":"<p>13.01.2014 &#8212; Das von Claudio Abbado gegr\u00fcndete Orchestra Mozart ist laut internationalen Presseberichten in ernsthaften Schwierigkeiten. Es muss seine Konzertt\u00e4tigkeit vorerst einstellen. Der Tr\u00e4gerstiftung fehlen die Sponsoren.\u00a0<\/p>\n","protected":false},"author":1,"featured_media":0,"comment_status":"open","ping_status":"open","sticky":false,"template":"","format":"standard","meta":{"footnotes":""},"categories":[2],"tags":[],"class_list":["post-966","post","type-post","status-publish","format-standard","hentry","category-nachrichten","entry"],"_links":{"self":[{"href":"https:\/\/codexflores.ch\/index.php\/wp-json\/wp\/v2\/posts\/966","targetHints":{"allow":["GET"]}}],"collection":[{"href":"https:\/\/codexflores.ch\/index.php\/wp-json\/wp\/v2\/posts"}],"about":[{"href":"https:\/\/codexflores.ch\/index.php\/wp-json\/wp\/v2\/types\/post"}],"author":[{"embeddable":true,"href":"https:\/\/codexflores.ch\/index.php\/wp-json\/wp\/v2\/users\/1"}],"replies":[{"embeddable":true,"href":"https:\/\/codexflores.ch\/index.php\/wp-json\/wp\/v2\/comments?post=966"}],"version-history":[{"count":0,"href":"https:\/\/codexflores.ch\/index.php\/wp-json\/wp\/v2\/posts\/966\/revisions"}],"wp:attachment":[{"href":"https:\/\/codexflores.ch\/index.php\/wp-json\/wp\/v2\/media?parent=966"}],"wp:term":[{"taxonomy":"category","embeddable":true,"href":"https:\/\/codexflores.ch\/index.php\/wp-json\/wp\/v2\/categories?post=966"},{"taxonomy":"post_tag","embeddable":true,"href":"https:\/\/codexflores.ch\/index.php\/wp-json\/wp\/v2\/tags?post=966"}],"curies":[{"name":"wp","href":"https:\/\/api.w.org\/{rel}","templated":true}]}}