{"id":970,"date":"2014-01-13T09:43:53","date_gmt":"2014-01-13T09:43:53","guid":{"rendered":"https:\/\/codexflores.ch\/index.php\/2014\/01\/13\/david-philip-heftis-sator\/"},"modified":"2014-01-13T09:43:53","modified_gmt":"2014-01-13T09:43:53","slug":"david-philip-heftis-sator","status":"publish","type":"post","link":"https:\/\/codexflores.ch\/index.php\/2014\/01\/13\/david-philip-heftis-sator\/","title":{"rendered":"David Philip Heftis \u00abSator\u00bb"},"content":{"rendered":"<p><span class=\"txt-m-black\"><span class=\"txt-m-black\"><img decoding=\"async\" src=\"http:\/\/212.60.37.143\/bilder\/2007\/070130hefti.jpg\" border=\"0\" align=\"left\" \/>02.02.2007 &#8212; Der 1975 geborene David Philip Hefti ist Vertreter einer Generation junger Komponisten, die wie selbstverst\u00e4ndlich \u00fcber eine Vielzahl kompositorischer und formaler Mittel verf\u00fcgen und diese auch unverkrampft und unideologisch zu nutzen verstehen \u2013 seien es Zw\u00f6lftonverfahren, Collage, Klangzerlegungen, repetitive Muster, Zentraltontechnik, Zitate, postmoderne Stilmischungen oder gar postromantisches Expressivo. Hefti hat daraus eine farbige, klanglich und melodisch reichhaltige und packende Tonsprache entwickelt, die auch in gr\u00f6sseren Formen schl\u00fcssig wirkt.<\/p>\n<p> Bei aller Klangsinnlichkeit und Expressivit\u00e4t schimmert in seiner Musik aber immer wieder durch, dass sein \u00e4sthetisches Credo letztlich in den konstruktiven und spekulativen Str\u00f6mungen der abendl\u00e4ndischen Kunstmusik zu finden ist. Darauf weisen nicht zuletzt die zahlreichen Querverbindungen zur Musik Bachs hin: In \u00abDiarium\u00bb f\u00fcr Violine solo aus dem Jahr 1999, in die mit dem Satz \u00abQuae regula\u00bb auch ein veritables musikalisches R\u00e4tsel hineingeheimnisst worden ist \u2013 zitiert er im Finale den Choral \u00abKomm s\u00fcsser Tod\u00bb und erinnert damit an einen im Geiste zweifelsohne Verwandten, n\u00e4mlich Alban Berg, der in seinem Violinkonzert gegen Ende mit \u00abEs ist genug\u00bb ebenfalls einen an den Tod gemahnenden Bach-Choral erklingen l\u00e4sst. Im Schlusssatz des Klarinettenkonzertes \u00abSator\u00bb (2002) erklingt das h-Moll-Pr\u00e4ludium aus dem Wohltemperierten Klavier als Klangfarbenmelodie, in einer Technik also, der Bergs Lehrer Sch\u00f6nberg seine Aufmerksamkeit zuwandte. <\/p>\n<p> \u00abSator\u00bb ist aber auch ein Stichwort, das den konstruktiven Aspekt von Heftis Musik noch detaillierter charakterisiert. Das Wort, dessen Buchstaben im Solost\u00fcck \u00abO, star!\u00bb (2003) f\u00fcr Klarinette anders angeordnet sind, kennen Lateiner bestens aus dem vielfach symmetrischen Sinnspruch: <\/p>\n<p><\/span><\/span><\/p>\n<p> <center> <\/p>\n<table>\n<tbody>\n<tr>\n<td><span class=\"txt-s-black\">S<\/span><\/td>\n<td><span class=\"txt-s-black\">A<\/span><\/td>\n<td><span class=\"txt-s-black\">T<\/span><\/td>\n<td><span class=\"txt-s-black\">O<\/span><\/td>\n<td><span class=\"txt-s-black\">R<\/span><\/td>\n<\/tr>\n<tr>\n<td><span class=\"txt-s-black\">A<\/span><\/td>\n<td><span class=\"txt-s-black\">R<\/span><\/td>\n<td><span class=\"txt-s-black\">E<\/span><\/td>\n<td><span class=\"txt-s-black\">P<\/span><\/td>\n<td><span class=\"txt-s-black\">O<\/span><\/td>\n<\/tr>\n<tr>\n<td><span class=\"txt-s-black\">T<\/span><\/td>\n<td><span class=\"txt-s-black\">E<\/span><\/td>\n<td><span class=\"txt-s-black\">N<\/span><\/td>\n<td><span class=\"txt-s-black\">E<\/span><\/td>\n<td><span class=\"txt-s-black\">T<\/span><\/td>\n<\/tr>\n<tr>\n<td><span class=\"txt-s-black\">O<\/span><\/td>\n<td><span class=\"txt-s-black\">P<\/span><\/td>\n<td><span class=\"txt-s-black\">E<\/span><\/td>\n<td><span class=\"txt-s-black\">R<\/span><\/td>\n<td><span class=\"txt-s-black\">A<\/span><\/td>\n<\/tr>\n<tr>\n<td><span class=\"txt-s-black\">R<\/span><\/td>\n<td><span class=\"txt-s-black\">O<\/span><\/td>\n<td><span class=\"txt-s-black\">T<\/span><\/td>\n<td><span class=\"txt-s-black\">A<\/span><\/td>\n<td><span class=\"txt-s-black\">S<\/span><\/td>\n<\/tr>\n<\/tbody>\n<\/table>\n<p> <\/center> <\/p>\n<p><span class=\"txt-m-black\"><br \/> (\u00abSator Arepo tenet opera rotas\u00bb heisst etwa soviel wie \u00abDer S\u00e4mann Arepo h\u00e4lt das Werk im Umlauf\u00bb). Dies wiederum verweist auch auf Albrecht D\u00fcrers r\u00e4tselhaften Kupferstich \u00abMelencolia\u00bb, auf dem eine F\u00fclle h\u00f6chst geheimnisvoller und andeutungsreicher Objekte versammelt sind, darunter eben auch ein magisches Quadrat, dessen Hang zur Symmetrie in dem Sator-Quadrat ebenfalls anklingt. <\/p>\n<p> Inspiriert von D\u00fcrers Bild ist Heftis \u00abMelencolia I\u00bb (2004) f\u00fcr Fl\u00f6te, Schlagzeug und Klavier, das angesichts der hermetischen Symbolhaftigkeit des Stiches eine schon fast simpel anmutende klangliche Beschreibung von \u00dcberarbeitung und \u00dcberspanntheit darstellt. Sie m\u00fcndet in abgrundteife Melancholie (heute w\u00fcrde man das neudeutsch als \u00abBurn out\u00bb bezeichnen), die in Heftis Klangkosmos nicht minder suggestiv ausf\u00e4llt. <\/p>\n<p> Der Komponist hat, was f\u00fcr derartige Musik ja schon sehr ungew\u00f6hnlich ist, das Gl\u00fcck, \u00abDiarium\u00bb und \u00abSator\u00bb gleich zweimal auf CD gebrannt zu sehen (repektive zu h\u00f6ren). Auf einer fr\u00fcheren CD \u2013 sie kann wie die vorliegende \u00fcber Heftis Webseite bestellt werden \u2013 ist neben den beiden Werken Kurt Weills Violinkonzert zu h\u00f6ren. Die \u00abSator\u00bb-Aufnahme der vorliegenden CD ist identisch mit derjenigen der fr\u00fcheren Einspielung, des Live-Mitschnitts eines Konzertes an der Musikhochschule Z\u00fcrich vom 28. M\u00e4rz 2003. \u00abDiarium\u00bb ist von Stefan T\u00f6nz hingegen zweimal eingespielt worden: Am erw\u00e4hnten Konzert und zwei Jahre sp\u00e4ter in der alten reformierten Kirche Z\u00fcrich\u2013Witikon. Letztere Aufnahme findet sich auf der hier besprochenen Silberscheibe. <\/span> <span class=\"txt-m-black\">(<em>wb<\/em>)<\/span><\/p>\n<p><\/p>\n<p> <center> <\/p>\n<table style=\"width: 430px;\" summary=\"linie\" border=\"0\" cellspacing=\"0\" cellpadding=\"0\">\n<tbody>\n<tr>\n<td colspan=\"9\" bgcolor=\"#666666\" height=\"1\"><img loading=\"lazy\" decoding=\"async\" src=\"http:\/\/212.60.37.143\/grafiken\/dbrown1x1.gif\" border=\"0\" width=\"1\" height=\"1\" \/><\/td>\n<\/tr>\n<\/tbody>\n<\/table>\n<p> <\/center> <\/p>\n<p><span class=\"txt-s-black\">David Philip Hefti: Sator. Stefan T\u00f6nz (Violine), Valentin Wandeler (Klarinette), Philippe Racine (Fl\u00f6te), Matthias W\u00fcrsch (Schlagzeug), Oliver Schnyder (Klavier), Z\u00fcrcher Kammerensemble und Mitglieder des collegium novum z\u00fcrich, David Philip Hefti (Leitung), Telos Music Records TLS 125. Bezugsquelle: <a href=\"http:\/\/www.davidphiliphefti.com\" target=\"blank\" rel=\"noopener noreferrer\"> http:\/\/www.davidphiliphefti.com<\/a> <\/span><\/p>\n","protected":false},"excerpt":{"rendered":"<p>02.02.2007 &#8212; Der 1975 geborene David Philip Hefti ist Vertreter einer Generation junger Komponisten, die wie selbstverst\u00e4ndlich \u00fcber eine Vielzahl&#8230;<\/p>\n","protected":false},"author":1,"featured_media":0,"comment_status":"open","ping_status":"open","sticky":false,"template":"","format":"standard","meta":{"footnotes":""},"categories":[13],"tags":[],"class_list":["post-970","post","type-post","status-publish","format-standard","hentry","category-tontraeger-besprechungen","entry"],"_links":{"self":[{"href":"https:\/\/codexflores.ch\/index.php\/wp-json\/wp\/v2\/posts\/970","targetHints":{"allow":["GET"]}}],"collection":[{"href":"https:\/\/codexflores.ch\/index.php\/wp-json\/wp\/v2\/posts"}],"about":[{"href":"https:\/\/codexflores.ch\/index.php\/wp-json\/wp\/v2\/types\/post"}],"author":[{"embeddable":true,"href":"https:\/\/codexflores.ch\/index.php\/wp-json\/wp\/v2\/users\/1"}],"replies":[{"embeddable":true,"href":"https:\/\/codexflores.ch\/index.php\/wp-json\/wp\/v2\/comments?post=970"}],"version-history":[{"count":0,"href":"https:\/\/codexflores.ch\/index.php\/wp-json\/wp\/v2\/posts\/970\/revisions"}],"wp:attachment":[{"href":"https:\/\/codexflores.ch\/index.php\/wp-json\/wp\/v2\/media?parent=970"}],"wp:term":[{"taxonomy":"category","embeddable":true,"href":"https:\/\/codexflores.ch\/index.php\/wp-json\/wp\/v2\/categories?post=970"},{"taxonomy":"post_tag","embeddable":true,"href":"https:\/\/codexflores.ch\/index.php\/wp-json\/wp\/v2\/tags?post=970"}],"curies":[{"name":"wp","href":"https:\/\/api.w.org\/{rel}","templated":true}]}}