{"id":972,"date":"2014-01-13T09:44:51","date_gmt":"2014-01-13T09:44:51","guid":{"rendered":"https:\/\/codexflores.ch\/index.php\/2014\/01\/13\/vokalwerke-von-friedrich-theodor-froehlich\/"},"modified":"2014-01-13T09:44:51","modified_gmt":"2014-01-13T09:44:51","slug":"vokalwerke-von-friedrich-theodor-froehlich","status":"publish","type":"post","link":"https:\/\/codexflores.ch\/index.php\/2014\/01\/13\/vokalwerke-von-friedrich-theodor-froehlich\/","title":{"rendered":"Vokalwerke von Friedrich Theodor Fr\u00f6hlich"},"content":{"rendered":"<p><span class=\"txt-m-black\"><img decoding=\"async\" src=\"http:\/\/212.60.37.143\/bilder\/2007\/070209froehlich.jpg\" border=\"0\" align=\"left\" \/>09.02.2007 &#8212; Das hochoffizielle Historische Lexikon der Schweiz geht in seiner lakonischen Art mit Friedrich Theodor Fr\u00f6hlich (1803-1836) recht ungn\u00e4dig um: Was einst als Hauptwerk des Aargauer Zeitgenossen von Felix Mendelssohn und Kompositions-Sch\u00fclers Carl Friedrich Zelters gegolten habe, sei nach neueren Erkenntnissen das Werk eines andern, n\u00e4mlich des auch nicht viel bekannteren Johann Gottlieb Naumann. Und in anderen Manuskripten, die Fr\u00f6hlich stilistisch zugeordnet w\u00fcrden, sei auch keine \u00abpers\u00f6nliche Signatur\u00bb feststellbar. Trotz Unterricht, Chorgr\u00fcndungen und Konzerten habe das Wirken von Fr\u00f6hlich \u00fcberdies kaum Resonanzen ausgel\u00f6st. Auch privat schien Fr\u00f6hlich seinem Namen keineswegs gerecht zu werden: Dr\u00fcckende Schulden, die Ehe mit der seiner Kunst wenig zugetanen deutschen Offizierstochter Ida von Klitzing und ein uneheliches Kind trieben ihn mit 33 Jahren in den Fluss. <\/p>\n<p> Das Schicksal des schw\u00e4rmerischen Lehrersohns aus Brugg zeigt einen Lebenslauf, der allerdings geradesogut aus unser Zeit stammen k\u00f6nnte: Gymnasium in Z\u00fcrich, abgebrochenes Studium in Basel, ein Aufenthalt in Berlin in der Hoffnung, in der Metropole aus der scheinbaren provinziellen Enge ausbrechen zu k\u00f6nnen, das Gef\u00fchl von den Berliner Koryph\u00e4en nicht verstanden zu werden \u2013 Zelter wirft er mangelndes Verst\u00e4ndnis f\u00fcr die Romantik vor \u2013 und eine R\u00fcckkehr, die es nicht mehr erlaubt, in der Heimat wirklich Fuss zu fassen. <\/p>\n<p> Das macht nun denn doch neugierig darauf, was f\u00fcr Musik dabei entstanden ist. Die Antwort geben uns die Basler Vokalsolisten, die aus Anlass des 170. Geburtstages des Komponisten zwei Werkgruppen Fr\u00f6hlichs eingespielt haben: vier Motetten und ein zw\u00f6lfstimmiges Miserere mit Pianoforte-Begleitung. <\/p>\n<p> Beim Miserere handelt es sich um eine zumindest formal durchaus originelle Arbeit: Da wechseln sich in symmetrischer Abfolge Soloarien, Ensembles und doppelch\u00f6rige S\u00e4tze ab \u2013 unterst\u00fctzt von einem continuoartigen Klaviersatz, der auf Fr\u00f6hlichs barocke Vorbilder Bach und H\u00e4ndel zur\u00fcckweist. Die Motetten wiederum stammen vom zweiten Berlinaufenthalt Fr\u00f6hlichs, den ihm ein Stipendium der Aarauer Kantonsregierung erm\u00f6glichte \u2013 sowie aus seinen letzten Lebensjahren in Aarau.<\/p>\n<p> Die Basler Vokalsolisten und der Tonmeister Andreas Werner der im Juni 2006 im Radiostudio Z\u00fcrich enstandenen Einspielung besch\u00f6nigen allerdings auch die Schw\u00e4chen der Werke nicht: Die relativ trockene Akustik des Studios und die klare Diktion der S\u00e4ngerinnen und S\u00e4nger f\u00fchrt zu einer transparenten Durchh\u00f6rbarkeit von Fr\u00f6hlichs Tons\u00e4tzen. Sie wirken gef\u00e4llig, verm\u00f6gen aber das Urteil des Historischen Lexikons nicht wirklich zu revidieren. Einige stimmliche H\u00e4rten in den h\u00f6heren Registern des Chores \u2013 vor allem in solistischen Partien \u2013 f\u00fchren zur Einsicht, dass die Musik des Aargauer Lokalmatadors aus sich selber wenig Strahlkraft zu entwickeln vermag.<\/span> <span class=\"txt-m-black\">(<em>wb<\/em>)<\/span><\/p>\n<p><\/p>\n<p> <center> <\/p>\n<table style=\"width: 430px;\" summary=\"linie\" border=\"0\" cellspacing=\"0\" cellpadding=\"0\">\n<tbody>\n<tr>\n<td colspan=\"9\" bgcolor=\"#666666\" height=\"1\"><img loading=\"lazy\" decoding=\"async\" src=\"http:\/\/212.60.37.143\/grafiken\/dbrown1x1.gif\" border=\"0\" width=\"1\" height=\"1\" \/><\/td>\n<\/tr>\n<\/tbody>\n<\/table>\n<p> <\/center> <\/p>\n<p><span class=\"txt-s-black\">Friedrich Theodor Fr\u00f6hlich: Vier Motetten f\u00fcr vierstimmigen gemischten Chor, Miserere f\u00fcr Chor, Solostimmen und Pianoforte, Basler Vokalsolisten (Leitung: Sebastian Goll), Mikayel Balyan (Hammerfl\u00fcgel), Musiques Suisses, MGB CD 6248, Bezugsquelle: <a href=\"http:\/\/www.musiques-suisses.ch\" target=\"blank\" rel=\"noopener noreferrer\">www.musiques-suisses.ch<\/a> <\/span><\/p>\n","protected":false},"excerpt":{"rendered":"<p>09.02.2007 &#8212; Das hochoffizielle Historische Lexikon der Schweiz geht in seiner lakonischen Art mit Friedrich Theodor Fr\u00f6hlich (1803-1836) recht ungn\u00e4dig&#8230;<\/p>\n","protected":false},"author":1,"featured_media":0,"comment_status":"open","ping_status":"open","sticky":false,"template":"","format":"standard","meta":{"footnotes":""},"categories":[13],"tags":[],"class_list":["post-972","post","type-post","status-publish","format-standard","hentry","category-tontraeger-besprechungen","entry"],"_links":{"self":[{"href":"https:\/\/codexflores.ch\/index.php\/wp-json\/wp\/v2\/posts\/972","targetHints":{"allow":["GET"]}}],"collection":[{"href":"https:\/\/codexflores.ch\/index.php\/wp-json\/wp\/v2\/posts"}],"about":[{"href":"https:\/\/codexflores.ch\/index.php\/wp-json\/wp\/v2\/types\/post"}],"author":[{"embeddable":true,"href":"https:\/\/codexflores.ch\/index.php\/wp-json\/wp\/v2\/users\/1"}],"replies":[{"embeddable":true,"href":"https:\/\/codexflores.ch\/index.php\/wp-json\/wp\/v2\/comments?post=972"}],"version-history":[{"count":0,"href":"https:\/\/codexflores.ch\/index.php\/wp-json\/wp\/v2\/posts\/972\/revisions"}],"wp:attachment":[{"href":"https:\/\/codexflores.ch\/index.php\/wp-json\/wp\/v2\/media?parent=972"}],"wp:term":[{"taxonomy":"category","embeddable":true,"href":"https:\/\/codexflores.ch\/index.php\/wp-json\/wp\/v2\/categories?post=972"},{"taxonomy":"post_tag","embeddable":true,"href":"https:\/\/codexflores.ch\/index.php\/wp-json\/wp\/v2\/tags?post=972"}],"curies":[{"name":"wp","href":"https:\/\/api.w.org\/{rel}","templated":true}]}}